{"id":590610,"date":"2025-12-10T12:09:12","date_gmt":"2025-12-10T12:09:12","guid":{"rendered":"https:\/\/www.europesays.com\/fr\/590610\/"},"modified":"2025-12-10T12:09:12","modified_gmt":"2025-12-10T12:09:12","slug":"energy-citoyennes-lance-une-levee-de-fonds-de-54-000-euros","status":"publish","type":"post","link":"https:\/\/www.europesays.com\/fr\/590610\/","title":{"rendered":"Energ\u2019Y Citoyennes lance une lev\u00e9e de fonds de 54 000 euros"},"content":{"rendered":"<p>      <img loading=\"lazy\" decoding=\"async\" typeof=\"foaf:Image\" src=\"https:\/\/www.europesays.com\/fr\/wp-content\/uploads\/2025\/12\/energy_citoyennes_morgane_poulet.jpg\" width=\"600\" height=\"338\" alt=\"Energ'Y Citoyennes installe principalement des panneaux photovolta\u00efques en toiture pour que l'\u00e9lectricit\u00e9 produite soit r\u00e9inject\u00e9 dans le r\u00e9seau local, comme ici \u00e0 l'\u00e9cole primaire de La Monta, \u00e0 Saint-Egr\u00e8ve.\" title=\"Energ'Y Citoyennes installe principalement des panneaux photovolta\u00efques en toiture pour que l'\u00e9lectricit\u00e9 produite soit r\u00e9inject\u00e9e dans le r\u00e9seau local, comme ici \u00e0 l'\u00e9cole primaire de La Monta, \u00e0 Saint-Egr\u00e8ve.\"\/>              <\/p>\n<p class=\"news_description_img\">Energ&rsquo;Y Citoyennes installe principalement des panneaux photovolta\u00efques en toiture pour que l&rsquo;\u00e9lectricit\u00e9 produite soit r\u00e9inject\u00e9e dans le r\u00e9seau local, comme ici \u00e0 l&rsquo;\u00e9cole primaire de La Monta, \u00e0 Saint-Egr\u00e8ve.<\/p>\n<p class=\"news_copyright_img\">\n          Morgane Poulet        <\/p>\n<p class=\"bref-chapo\">Le collectif Energ\u2019Y Citoyennes a lanc\u00e9 une lev\u00e9e de fonds de 54 000 euros, le 3 novembre. Elle souhaite que ce financement serve \u00e0 installer trois centrales solaires photovolta\u00efques \u00e0 Echirolles et au Pont-de-Claix ainsi qu\u2019un r\u00e9seau chaleur&#8230;<\/p>\n","protected":false},"excerpt":{"rendered":"Energ&rsquo;Y Citoyennes installe principalement des panneaux photovolta\u00efques en toiture pour que l&rsquo;\u00e9lectricit\u00e9 produite soit r\u00e9inject\u00e9e dans le r\u00e9seau&hellip;\n","protected":false},"author":2,"featured_media":590611,"comment_status":"","ping_status":"","sticky":false,"template":"","format":"standard","meta":{"footnotes":""},"categories":[9566],"tags":[1111,11,2430,1777,674,1011,27,2731,12,25],"class_list":{"0":"post-590610","1":"post","2":"type-post","3":"status-publish","4":"format-standard","5":"has-post-thumbnail","7":"category-grenoble","8":"tag-actu","9":"tag-actualites","10":"tag-auvergne-rhone-alpes","11":"tag-eu","12":"tag-europe","13":"tag-fr","14":"tag-france","15":"tag-grenoble","16":"tag-news","17":"tag-republique-francaise"},"share_on_mastodon":{"url":"https:\/\/pubeurope.com\/@fr\/115695201634951466","error":""},"_links":{"self":[{"href":"https:\/\/www.europesays.com\/fr\/wp-json\/wp\/v2\/posts\/590610","targetHints":{"allow":["GET"]}}],"collection":[{"href":"https:\/\/www.europesays.com\/fr\/wp-json\/wp\/v2\/posts"}],"about":[{"href":"https:\/\/www.europesays.com\/fr\/wp-json\/wp\/v2\/types\/post"}],"author":[{"embeddable":true,"href":"https:\/\/www.europesays.com\/fr\/wp-json\/wp\/v2\/users\/2"}],"replies":[{"embeddable":true,"href":"https:\/\/www.europesays.com\/fr\/wp-json\/wp\/v2\/comments?post=590610"}],"version-history":[{"count":0,"href":"https:\/\/www.europesays.com\/fr\/wp-json\/wp\/v2\/posts\/590610\/revisions"}],"wp:featuredmedia":[{"embeddable":true,"href":"https:\/\/www.europesays.com\/fr\/wp-json\/wp\/v2\/media\/590611"}],"wp:attachment":[{"href":"https:\/\/www.europesays.com\/fr\/wp-json\/wp\/v2\/media?parent=590610"}],"wp:term":[{"taxonomy":"category","embeddable":true,"href":"https:\/\/www.europesays.com\/fr\/wp-json\/wp\/v2\/categories?post=590610"},{"taxonomy":"post_tag","embeddable":true,"href":"https:\/\/www.europesays.com\/fr\/wp-json\/wp\/v2\/tags?post=590610"}],"curies":[{"name":"wp","href":"https:\/\/api.w.org\/{rel}","templated":true}]}}