{"id":590612,"date":"2025-12-10T12:10:17","date_gmt":"2025-12-10T12:10:17","guid":{"rendered":"https:\/\/www.europesays.com\/fr\/590612\/"},"modified":"2025-12-10T12:10:17","modified_gmt":"2025-12-10T12:10:17","slug":"une-nouvelle-bibliotheque-ouvre-a-cote-de-lancienne","status":"publish","type":"post","link":"https:\/\/www.europesays.com\/fr\/590612\/","title":{"rendered":"une nouvelle biblioth\u00e8que ouvre \u00e0 c\u00f4t\u00e9 de l&rsquo;ancienne"},"content":{"rendered":"<p>Dans la nuit du 18 au 19 f\u00e9vrier, une voiture-b\u00e9lier <a href=\"https:\/\/www.francebleu.fr\/infos\/faits-divers-justice\/grenoble-une-voiture-belier-provoque-l-incendie-d-une-bibliotheque-dans-le-quartier-mistral-3543971\" target=\"_blank\" rel=\"noopener\">avait \u00e9t\u00e9 projet\u00e9e <\/a>volontairement contre l\u2019entr\u00e9e de la nouvelle biblioth\u00e8que Chantal-Mauduit, inaugur\u00e9e deux mois plus t\u00f4t. Le v\u00e9hicule avait ensuite \u00e9t\u00e9 incendi\u00e9, provoquant un embrasement fulgurant du rez-de-chauss\u00e9e et de la toiture. Les pompiers, mobilis\u00e9s en nombre, avaient d\u00fb ouvrir le toit pour atteindre les foyers internes.<\/p>\n<p>Une nuit de violences dans un climat d\u00e9j\u00e0 tendu<\/p>\n<p>Selon les autorit\u00e9s, la voiture-b\u00e9lier a \u00e9t\u00e9 lanc\u00e9e alors que des tensions violentes secouaient le quartier. D\u00e8s 20h, policiers et CRS avaient essuy\u00e9 projets de projectiles et tirs de mortiers, sans bless\u00e9s. Divers conteneurs avaient \u00e9t\u00e9 incendi\u00e9s pour ralentir la progression des forces de l\u2019ordre. L\u2019int\u00e9rieur du b\u00e2timent a \u00e9t\u00e9 d\u00e9crit comme \u00ab compl\u00e8tement d\u00e9truit \u00bb.<\/p>\n<p>L\u2019incident s\u2019inscrivait dans un contexte local marqu\u00e9 par d\u2019autres violences, notamment l\u2019attaque \u00e0 la grenade d\u2019un bar associatif du Village Olympique une semaine plus t\u00f4t, qui avait fait quinze bless\u00e9s. Le ministre de l\u2019Int\u00e9rieur Bruno Retailleau avait d\u00e9nonc\u00e9 une d\u00e9rive mafieuse visant les services publics. Le maire \u00e9cologiste de Grenoble, \u00c9ric Piolle, au nom de l&rsquo;\u00e9quipe municipale, <a href=\"https:\/\/x.com\/EricPiolle\/status\/1892622117708964119\">s&rsquo;\u00e9tait dit \u00ab \u00e9coeur\u00e9 \u00bb<\/a>.<\/p>\n<p>D\u00e8s le lendemain de l\u2019incendie, la Ville de Grenoble avait annonc\u00e9 la reconstruction du b\u00e2timent. Dix mois plus tard, elle ouvre des \u00e9quipements transitoires pour maintenir une pr\u00e9sence culturelle et sportive dans le quartier. L\u2019enjeu affich\u00e9 : assurer la continuit\u00e9 du service public, pr\u00e9server les partenariats locaux et rester au contact des habitants, notamment des jeunes. Cette p\u00e9riode est pens\u00e9e comme un moment d\u2019exp\u00e9rimentation pour tester de nouveaux formats culturels et sportifs.<\/p>\n<p>La Ville et Grenoble Habitat ont r\u00e9nov\u00e9 deux rez-de-chauss\u00e9e situ\u00e9s \u00e0 l\u2019angle de l\u2019avenue Rhin-et-Danube et de la rue Anatole-France, s\u00e9par\u00e9s par une placette. Les travaux men\u00e9s entre septembre et d\u00e9cembre repr\u00e9sentent 550.000 \u20ac, r\u00e9partis entre : 315.000 \u20ac par la Ville, 235.000 \u20ac par Grenoble Habitat, plus de 75.000 \u20ac de soutien de l\u2019\u00c9tat, <a href=\"https:\/\/www.telegrenoble.net\/informations-grenoble\/actualite\/grenoble-la-bibliotheque-chantal-mauduit-rouvre-dans-un-lieu-temporaire-apres-l-incendie_7828.html\" target=\"_blank\" rel=\"noopener\">partage T\u00e9l\u00e9\u00a0Grenoble<\/a>. Les lieux ont \u00e9t\u00e9 con\u00e7us pour redevenir des commerces une fois la biblioth\u00e8que r\u00e9install\u00e9e dans son b\u00e2timent originel.<\/p>\n<p><strong>La biblioth\u00e8que temporaire<\/strong><\/p>\n<p>La nouvelle biblioth\u00e8que provisoire, install\u00e9e au 78 rue Anatole-France, a ouvert le 9 d\u00e9cembre. Sur 175 m\u00b2, elle propose 16.000 documents &#8211; livres, BD, mangas, presse, DVD, jeux -, un service de r\u00e9servation, des baies vitr\u00e9es pour un espace lumineux et chaleureux, ainsi que neuf agents assurant accueil, pr\u00eat, informatique et animations.<\/p>\n<p>Un travail \u00ab colossal \u00bb a permis de sauver une partie du fonds : pr\u00e8s de 20.000 documents ont \u00e9t\u00e9 d\u00e9contamin\u00e9s un par un, permettant la r\u00e9int\u00e9gration de 80 % de la collection. La s\u00e9curit\u00e9 a \u00e9galement \u00e9t\u00e9 renforc\u00e9e, avec l\u2019installation d\u2019alarmes, de dispositifs de vid\u00e9osurveillance et la mise en place de formations sp\u00e9cifiques pour les employ\u00e9s.<\/p>\n<p>Un dojo ouvrira le 23 f\u00e9vrier 2026 au 68 avenue Rhin-et-Danube, dans un espace de 72 m\u00b2 dont 65 m\u00b2 de tatamis, destin\u00e9 au judo, au taekwondo, aux sports de combat, ainsi qu\u2019aux activit\u00e9s scolaires, p\u00e9riscolaires et aux associations r\u00e9sidentes. L\u2019am\u00e9nagement repr\u00e9sente un investissement de 250.000 \u20ac.<\/p>\n<p>Avant sa destruction, la biblioth\u00e8que accueillait environ 400 usagers par jour. Le chantier de reconstruction, compte tenu de l\u2019ampleur des d\u00e9g\u00e2ts, devrait durer de trois \u00e0 quatre ans, selon la Ville.<\/p>\n<p>Cr\u00e9dits photo : Quartier Paul Mistral \u00e0 Grenoble (Jean-Paul Corlin, CC BY-SA 4.0)<\/p>\n<\/p>\n<p>\u00a0<\/p>\n<\/p>\n<p class=\"article-signature\">Par <a class=\"article-signature_url\" href=\"https:\/\/actualitte.com\/auteurs\/221\/hocine-bouhadjera\" target=\"_blank\" rel=\"noopener\">Hocine Bouhadjera<\/a><br \/>Contact : <a class=\"article-signature_mail\" href=\"https:\/\/actualitte.com\/article\/128076\/bibliotheque\/mailto:hb@actualitte.com\" target=\"_blank\" rel=\"noopener\">hb@actualitte.com<\/a><\/p>\n","protected":false},"excerpt":{"rendered":"Dans la nuit du 18 au 19 f\u00e9vrier, une voiture-b\u00e9lier avait \u00e9t\u00e9 projet\u00e9e volontairement contre l\u2019entr\u00e9e de la&hellip;\n","protected":false},"author":2,"featured_media":590613,"comment_status":"","ping_status":"","sticky":false,"template":"","format":"standard","meta":{"footnotes":""},"categories":[9566],"tags":[1111,11,2430,1777,674,1011,27,2731,12,25],"class_list":{"0":"post-590612","1":"post","2":"type-post","3":"status-publish","4":"format-standard","5":"has-post-thumbnail","7":"category-grenoble","8":"tag-actu","9":"tag-actualites","10":"tag-auvergne-rhone-alpes","11":"tag-eu","12":"tag-europe","13":"tag-fr","14":"tag-france","15":"tag-grenoble","16":"tag-news","17":"tag-republique-francaise"},"share_on_mastodon":{"url":"https:\/\/pubeurope.com\/@fr\/115695204737814328","error":""},"_links":{"self":[{"href":"https:\/\/www.europesays.com\/fr\/wp-json\/wp\/v2\/posts\/590612","targetHints":{"allow":["GET"]}}],"collection":[{"href":"https:\/\/www.europesays.com\/fr\/wp-json\/wp\/v2\/posts"}],"about":[{"href":"https:\/\/www.europesays.com\/fr\/wp-json\/wp\/v2\/types\/post"}],"author":[{"embeddable":true,"href":"https:\/\/www.europesays.com\/fr\/wp-json\/wp\/v2\/users\/2"}],"replies":[{"embeddable":true,"href":"https:\/\/www.europesays.com\/fr\/wp-json\/wp\/v2\/comments?post=590612"}],"version-history":[{"count":0,"href":"https:\/\/www.europesays.com\/fr\/wp-json\/wp\/v2\/posts\/590612\/revisions"}],"wp:featuredmedia":[{"embeddable":true,"href":"https:\/\/www.europesays.com\/fr\/wp-json\/wp\/v2\/media\/590613"}],"wp:attachment":[{"href":"https:\/\/www.europesays.com\/fr\/wp-json\/wp\/v2\/media?parent=590612"}],"wp:term":[{"taxonomy":"category","embeddable":true,"href":"https:\/\/www.europesays.com\/fr\/wp-json\/wp\/v2\/categories?post=590612"},{"taxonomy":"post_tag","embeddable":true,"href":"https:\/\/www.europesays.com\/fr\/wp-json\/wp\/v2\/tags?post=590612"}],"curies":[{"name":"wp","href":"https:\/\/api.w.org\/{rel}","templated":true}]}}