{"id":590617,"date":"2025-12-10T12:13:12","date_gmt":"2025-12-10T12:13:12","guid":{"rendered":"https:\/\/www.europesays.com\/fr\/590617\/"},"modified":"2025-12-10T12:13:12","modified_gmt":"2025-12-10T12:13:12","slug":"toute-lactu-top-music-les-concerts-2026-en-alsace","status":"publish","type":"post","link":"https:\/\/www.europesays.com\/fr\/590617\/","title":{"rendered":"Toute l&rsquo;actu Top Music &#8211; Les concerts 2026 en Alsace"},"content":{"rendered":"<p><img decoding=\"async\" class=\"\" style=\"width:100%\" src=\"https:\/\/www.europesays.com\/fr\/wp-content\/uploads\/2025\/12\/IMG_6607_11765361445406.webp.webp\" alt=\"Des concerts pour faire la f\u00eate en Alsace\"\/><\/p>\n<p>Des concerts pour faire la f\u00eate en Alsace<\/p>\n<p>Cr\u00e9dit : Top Music &#8211; CR<\/p>\n<p><strong>Au Z\u00e9nith Europe \u00e0 Strasbourg<\/strong><\/p>\n<p style=\"text-align: justify;\"><strong>Eros Ramazzotti<\/strong> sera en Alsace le lundi 16 f\u00e9vrier 2026, suivi par <strong>Mika<\/strong> le mercredi 18 f\u00e9vrier et <strong>Kendji Girac<\/strong> le samedi 7 mars 2026 qui viendra pour sa tourn\u00e9e anniversaire des 10 ans. Mais entre les deux, on ne manquera pas les deux concerts d\u2019<strong>Indochine<\/strong> (20 et 21 f\u00e9vrier). Le lundi 9 mars 2026, <strong>Lara Fabian<\/strong> sera en concert (report d\u2019un concert de 2025) et le vendredi 3 avril place \u00e0 <strong>Julien Dor\u00e9<\/strong>. La tourn\u00e9e de la <strong>Star Academy<\/strong> fera une halte \u00e0 Strasbourg le jeudi 30 avril. Il y aura <strong>Robin Leon<\/strong> le mercredi 13 mai et <strong>Vanessa Paradis<\/strong> le vendredi 15 mai. Un retour tr\u00e8s attendu pour les nostalgiques des ann\u00e9es 2000-2010 avec <strong>Lorie<\/strong> Pester (et son show \u00ab Lorie Party 2026 \u00bb), le samedi 16 mai. Pour leur tourn\u00e9e anniversaire \u00ab Coming Home Live \u00bb, <strong>Scorpions<\/strong> fera le show au Z\u00e9nith de Strasbourg le lundi 20 juillet 2026. L\u2019alsacien <strong>Matt Pokora<\/strong> sera sur sc\u00e8ne le samedi 10 octobre avec son \u00ab Adr\u00e9naline Tour \u00bb. Juste apr\u00e8s vous pourrez applaudir <strong>Christophe Ma\u00e9<\/strong> le samedi 17 octobre. Et notez d\u00e9j\u00e0 une date en 2027 : l\u2019alsacien <strong>Claudio Cap\u00e9o<\/strong> sera sur la sc\u00e8ne du Z\u00e9nith de Strasbourg le samedi 30 janvier 2027 !<\/p>\n<p><a href=\"https:\/\/www.zenith-strasbourg.fr\/\" rel=\"noopener\" target=\"_blank\">&gt; https:\/\/www.zenith-strasbourg.fr\/<\/a><\/p>\n<p><strong>Au PMC \u00e0 Strasbourg<\/strong><\/p>\n<p><strong>Marine<\/strong> (gagnante de la Star Ac) fera une \u00e9tape de sa tourn\u00e9e le 23 janvier en Alsace. Le 21 f\u00e9vrier vous pourrez applaudir <strong>Garou<\/strong> et le 26 septembre la chanteuse <strong>Aliz\u00e9e<\/strong> (pour la tourn\u00e9e de ses 25 ans de carri\u00e8re !). <strong>Calogero<\/strong> sera sur sc\u00e8ne le 18 octobre 2026 et <strong>Zaz<\/strong> le 6 octobre.<\/p>\n<p><a href=\"https:\/\/www.strasbourg-events.com\/fr\" rel=\"noopener\" target=\"_blank\">&gt; https:\/\/www.strasbourg-events.com\/fr<\/a><\/p>\n<p><strong>A l\u2019ED&amp;N de Sausheim<\/strong><\/p>\n<p>L\u2019ann\u00e9e d\u00e9butera en douceur avec <strong>Chim\u00e8ne Badi <\/strong>le dimanche 18 janvier puis <strong>Boulevard des Airs<\/strong> le jeudi 29 janvier 2026. <strong>Zaho<\/strong> pr\u00e9sentera son concert le jeudi 5 mars 2026, un peu avant<strong> Laurent Voulzy<\/strong> (le mercredi 1er avril) et <strong>Julien Clerc<\/strong> (le samedi 25 avril). Pour sa tourn\u00e9e \u00ab un p\u2019tit tour \u00e0 deux \u00bb, <strong>Yannick Noah<\/strong> sera pr\u00e9sent le jeudi 21 mai. <strong>Benjamin Biolay<\/strong> viendra quant \u00e0 lui le samedi 31 octobre 2026.\u00a0<\/p>\n<p><a href=\"https:\/\/www.eden-sausheim.com\/\" rel=\"noopener\" target=\"_blank\">&gt; https:\/\/www.eden-sausheim.com\/<\/a><\/p>\n<p><strong>Au parc expo de Colmar<\/strong><\/p>\n<p>Apr\u00e8s la fameuse <a href=\"https:\/\/www.topmusic.fr\/gagnez-vos-places-pour-la-cuvee-givree-2\" rel=\"noopener\" target=\"_blank\"><strong>Cuv\u00e9e givr\u00e9e<\/strong><\/a> entre No\u00ebl et nouvel an (du 27 au 30 d\u00e9cembre 2025), ne manquez le 16 janvier <strong>Micha\u00ebl Gregorio <\/strong>et son \u00ab Odyss\u00e9e de la voix \u00bb. Le 29 mars il y aura une tribune 100% Goldman avec <strong>\u00ab Goldmen &#8211; De Goldman \u00e0 Fr\u00e9d\u00e9ricks, Goldman, Jones \u00bb. <\/strong>La Foire aux vins d\u2019Alsace 2026 aura lieu du 31 juillet au 9 ao\u00fbt et le concert de <strong>Gims<\/strong> a d\u00e9j\u00e0 \u00e9t\u00e9 annonc\u00e9\u2026 mais il est complet (le mardi 4 ao\u00fbt).<\/p>\n<p><a href=\"https:\/\/www.colmar-expo.fr\/\" rel=\"noopener\" target=\"_blank\">&gt; https:\/\/www.colmar-expo.fr\/<\/a><\/p>\n","protected":false},"excerpt":{"rendered":"Des concerts pour faire la f\u00eate en Alsace Cr\u00e9dit : Top Music &#8211; CR Au Z\u00e9nith Europe \u00e0&hellip;\n","protected":false},"author":2,"featured_media":590618,"comment_status":"","ping_status":"","sticky":false,"template":"","format":"standard","meta":{"footnotes":""},"categories":[2820],"tags":[1111,11,2389,1696,5065,1697,4156,1777,674,1011,27,775,6128,2886,45959,873,12,25,19160,640,12177],"class_list":{"0":"post-590617","1":"post","2":"type-post","3":"status-publish","4":"format-standard","5":"has-post-thumbnail","7":"category-strasbourg","8":"tag-actu","9":"tag-actualites","10":"tag-alsace","11":"tag-chanteur","12":"tag-colmar","13":"tag-concert","14":"tag-concerts","15":"tag-eu","16":"tag-europe","17":"tag-fr","18":"tag-france","19":"tag-grand-est","20":"tag-marine","21":"tag-matt-pokora","22":"tag-mika","23":"tag-musique","24":"tag-news","25":"tag-republique-francaise","26":"tag-sausheim","27":"tag-strasbourg","28":"tag-zenith"},"share_on_mastodon":{"url":"https:\/\/pubeurope.com\/@fr\/115695217840509012","error":""},"_links":{"self":[{"href":"https:\/\/www.europesays.com\/fr\/wp-json\/wp\/v2\/posts\/590617","targetHints":{"allow":["GET"]}}],"collection":[{"href":"https:\/\/www.europesays.com\/fr\/wp-json\/wp\/v2\/posts"}],"about":[{"href":"https:\/\/www.europesays.com\/fr\/wp-json\/wp\/v2\/types\/post"}],"author":[{"embeddable":true,"href":"https:\/\/www.europesays.com\/fr\/wp-json\/wp\/v2\/users\/2"}],"replies":[{"embeddable":true,"href":"https:\/\/www.europesays.com\/fr\/wp-json\/wp\/v2\/comments?post=590617"}],"version-history":[{"count":0,"href":"https:\/\/www.europesays.com\/fr\/wp-json\/wp\/v2\/posts\/590617\/revisions"}],"wp:featuredmedia":[{"embeddable":true,"href":"https:\/\/www.europesays.com\/fr\/wp-json\/wp\/v2\/media\/590618"}],"wp:attachment":[{"href":"https:\/\/www.europesays.com\/fr\/wp-json\/wp\/v2\/media?parent=590617"}],"wp:term":[{"taxonomy":"category","embeddable":true,"href":"https:\/\/www.europesays.com\/fr\/wp-json\/wp\/v2\/categories?post=590617"},{"taxonomy":"post_tag","embeddable":true,"href":"https:\/\/www.europesays.com\/fr\/wp-json\/wp\/v2\/tags?post=590617"}],"curies":[{"name":"wp","href":"https:\/\/api.w.org\/{rel}","templated":true}]}}