{"id":590621,"date":"2025-12-10T12:15:21","date_gmt":"2025-12-10T12:15:21","guid":{"rendered":"https:\/\/www.europesays.com\/fr\/590621\/"},"modified":"2025-12-10T12:15:21","modified_gmt":"2025-12-10T12:15:21","slug":"cette-proposition-est-electoraliste-le-maire-de-nice-christian-estrosi-veut-la-gratuite-des-bus-pour-les-retraites","status":"publish","type":"post","link":"https:\/\/www.europesays.com\/fr\/590621\/","title":{"rendered":"\u00ab\u00a0Cette proposition est \u00e9lectoraliste\u00a0\u00bb : le maire de Nice Christian Estrosi veut la gratuit\u00e9 des bus pour les retrait\u00e9s"},"content":{"rendered":"<p>                                            Politique\n                                                                            <\/p>\n<p>\n                                            Alors que les \u00e9lections municipales se profilent, le maire de Nice Christian Estrosi, candidat \u00e0 sa r\u00e9\u00e9lection, a propos\u00e9 de rendre les bus gratuits\u2026 uniquement pour les retrait\u00e9s. Une proposition \u00e9lectoraliste et \u00ab\u00a0un cadeau cibl\u00e9\u00a0\u00bb, selon ses adversaires.                                        <\/p>\n<p>                                                Publi\u00e9 le 10 d\u00e9cembre 2025 \u00e0 11h02                                                                                            <\/p>\n<p>                                            <img loading=\"lazy\" width=\"1024\" height=\"682\" src=\"https:\/\/www.europesays.com\/fr\/wp-content\/uploads\/2025\/12\/SIPA_01125190_000003.jpg\" class=\"attachment-post-thumbnail size-post-thumbnail wp-post-image\" alt=\"Christian Estrosi est candidat \u00e0 sa propre r\u00e9\u00e9lection \u00e0 Nice. Photo d'illustration SYSPEO\/SIPA\" decoding=\"async\"  \/><\/p>\n<p>                                            Christian Estrosi est candidat \u00e0 sa propre r\u00e9\u00e9lection \u00e0 Nice. Photo d&rsquo;illustration \u00a9 SYSPEO\/SIPA<\/p>\n<p>La gratuit\u00e9 des transports pour les retrait\u00e9s. La proposition est sign\u00e9e du maire de Nice, Christian Estrosi. <a href=\"https:\/\/www.valeursactuelles.com\/regions\/provence-alpes-cote-dazur\/alpes-maritimes\/nice\/politique\/municipales-2026-eric-ciotti-officialise-sa-candidature-a-nice-et-defie-christian-estrosi\" target=\"_blank\" rel=\"noopener\">Les \u00e9lections municipales approchent<\/a> et les adversaires de l\u2019ancien de l\u2019UMP, qui brigue un nouveau mandat, ont vivement r\u00e9agi au timing de cette annonce, <a href=\"https:\/\/www.nicematin.com\/societe\/vie-locale\/christian-estrosi-promet-la-gratuite-des-transports-pour-tous-les-retraites-un-cadeau-cible-a-trois-mois-des-elections-denoncent-ses-adversaires-aux-elections-municipales-10660272\" target=\"_blank\" rel=\"nofollow noopener\">comme l\u2019explique le quotidien local Nice Matin<\/a>. \u00c0 trois mois des \u00e9lections, ils d\u00e9noncent \u00ab\u00a0un cadeau cibl\u00e9\u00a0\u00bb.<\/p>\n<p><a href=\"https:\/\/www.valeursactuelles.com\/politique\/intermittent-de-la-connerie-on-sort-si-tu-veux-estrosi-et-dupont-moretti-manquent-de-se-battre-dans-un-restaurant-de-nice\" class=\"h-flex h-align-items-center h-border-tb h-ptb-15\" target=\"_blank\" rel=\"noopener\">A\u00a0LIRE\u00a0\u00ab\u00a0Intermittent de la connerie\u00a0\u00bb, \u00ab\u00a0On sort si tu veux\u00a0\u00bb : Estrosi et Dupond-Moretti manquent de se battre dans un restaurant de Nice<\/a><\/p>\n<p>\u00ab\u00a0En mati\u00e8re d\u2019aide au pouvoir d\u2019achat, l\u00e0 o\u00f9 j\u2019accorde aujourd\u2019hui l\u2019abonnement gratuit sur les transports pour les retrait\u00e9s qui ne sont pas impos\u00e9s au revenu, je vais \u00eatre oblig\u00e9 d\u2019envisager cette gratuit\u00e9 pour tous les retrait\u00e9s\u00a0\u00bb, a d\u00e9clar\u00e9 <a href=\"https:\/\/www.valeursactuelles.com\/regions\/provence-alpes-cote-dazur\/alpes-maritimes\/nice\/faits-divers\/honoraires-de-conseil-christian-estrosi-et-son-epouse-dans-le-viseur-du-parquet-national-financier\" target=\"_blank\" rel=\"noopener\">Christian Estrosi<\/a> mardi 9 d\u00e9cembre sur TF1.<\/p>\n<p>\u00ab\u00a0On y va pour r\u00e9cup\u00e9rer des voix\u00a0\u00bb<\/p>\n<p><a href=\"https:\/\/rmc.bfmtv.com\/actualites\/societe\/transports\/a-nice-le-maire-veut-la-gratuite-des-bus-pour-les-retraites-et-fait-reagir-c-est-la-gerontocratie_AV-202512090660.html\" target=\"_blank\" rel=\"nofollow noopener\">Dans un d\u00e9bat diffus\u00e9 sur RMC<\/a>, l\u2019\u00e9conomiste Pierre Rondeau, lui aussi, juge cette mesure d\u00e9magogique : \u00ab\u00a0C\u2019est la proposition \u00e9lectoraliste de cette g\u00e9rontocratie ni\u00e7oise o\u00f9 il y a une majorit\u00e9 de personnes \u00e2g\u00e9es donc on y va pour r\u00e9cup\u00e9rer des voix\u00a0\u00bb. Avant d\u2019ajouter : \u00ab\u00a0Rien n\u2019est gratuit, cette gratuit\u00e9 promise aux personnes de 65 ans sera toujours pay\u00e9e par une hausse des taxes et des imp\u00f4ts locaux et une r\u00e9duction des d\u00e9penses publiques\u00a0\u00bb.<\/p>\n<p><a href=\"https:\/\/www.valeursactuelles.com\/regions\/provence-alpes-cote-dazur\/alpes-maritimes\/nice\/faits-divers\/honoraires-de-conseil-christian-estrosi-et-son-epouse-dans-le-viseur-du-parquet-national-financier\" class=\"h-flex h-align-items-center h-border-tb h-ptb-15\" target=\"_blank\" rel=\"noopener\">A\u00a0LIRE\u00a0Honoraires de conseil : Christian Estrosi et son \u00e9pouse dans le viseur du Parquet national financier<\/a>                                                                    <\/p>\n","protected":false},"excerpt":{"rendered":"Politique Alors que les \u00e9lections municipales se profilent, le maire de Nice Christian Estrosi, candidat \u00e0 sa r\u00e9\u00e9lection,&hellip;\n","protected":false},"author":2,"featured_media":590622,"comment_status":"","ping_status":"","sticky":false,"template":"","format":"standard","meta":{"footnotes":""},"categories":[2819],"tags":[1111,11,2898,2397,4188,1777,674,1011,27,3434,12,2401,882,25],"class_list":{"0":"post-590621","1":"post","2":"type-post","3":"status-publish","4":"format-standard","5":"has-post-thumbnail","7":"category-nice","8":"tag-actu","9":"tag-actualites","10":"tag-alpes-maritimes","11":"tag-christian-estrosi","12":"tag-elections-municipales","13":"tag-eu","14":"tag-europe","15":"tag-fr","16":"tag-france","17":"tag-municipales-2026","18":"tag-news","19":"tag-nice","20":"tag-provence-alpes-cote-dazur","21":"tag-republique-francaise"},"share_on_mastodon":{"url":"https:\/\/pubeurope.com\/@fr\/115695225763870641","error":""},"_links":{"self":[{"href":"https:\/\/www.europesays.com\/fr\/wp-json\/wp\/v2\/posts\/590621","targetHints":{"allow":["GET"]}}],"collection":[{"href":"https:\/\/www.europesays.com\/fr\/wp-json\/wp\/v2\/posts"}],"about":[{"href":"https:\/\/www.europesays.com\/fr\/wp-json\/wp\/v2\/types\/post"}],"author":[{"embeddable":true,"href":"https:\/\/www.europesays.com\/fr\/wp-json\/wp\/v2\/users\/2"}],"replies":[{"embeddable":true,"href":"https:\/\/www.europesays.com\/fr\/wp-json\/wp\/v2\/comments?post=590621"}],"version-history":[{"count":0,"href":"https:\/\/www.europesays.com\/fr\/wp-json\/wp\/v2\/posts\/590621\/revisions"}],"wp:featuredmedia":[{"embeddable":true,"href":"https:\/\/www.europesays.com\/fr\/wp-json\/wp\/v2\/media\/590622"}],"wp:attachment":[{"href":"https:\/\/www.europesays.com\/fr\/wp-json\/wp\/v2\/media?parent=590621"}],"wp:term":[{"taxonomy":"category","embeddable":true,"href":"https:\/\/www.europesays.com\/fr\/wp-json\/wp\/v2\/categories?post=590621"},{"taxonomy":"post_tag","embeddable":true,"href":"https:\/\/www.europesays.com\/fr\/wp-json\/wp\/v2\/tags?post=590621"}],"curies":[{"name":"wp","href":"https:\/\/api.w.org\/{rel}","templated":true}]}}