{"id":590623,"date":"2025-12-10T12:16:23","date_gmt":"2025-12-10T12:16:23","guid":{"rendered":"https:\/\/www.europesays.com\/fr\/590623\/"},"modified":"2025-12-10T12:16:23","modified_gmt":"2025-12-10T12:16:23","slug":"nice-le-temoignage-dechirant-dasma-victime-dune-tentative-dimmolation","status":"publish","type":"post","link":"https:\/\/www.europesays.com\/fr\/590623\/","title":{"rendered":"Nice. Le t\u00e9moignage d\u00e9chirant d&rsquo;Asma, victime d&rsquo;une tentative d&rsquo;immolation"},"content":{"rendered":"<p>                    Par<br \/>\n        <strong><br \/>\n            <a href=\"https:\/\/actu.fr\/auteur\/ugo-maillard\" title=\"Consulter tous les articles de Ugo Maillard\" target=\"_blank\" rel=\"noopener\">Ugo Maillard<\/a><br \/>\n                    <\/strong><\/p>\n<p>        Publi\u00e9 le<\/p>\n<p>            10 d\u00e9c. 2025 \u00e0 11h41        <\/p>\n<p>\u00ab\u00a0Je suis br\u00fbl\u00e9e \u00e0 l\u2019int\u00e9rieur\u00a0\u00bb: Asma*, victime d\u2019une tentative d\u2019immolation en 2021 \u00e0 Nice (<a href=\"https:\/\/actu.fr\/provence-alpes-cote-d-azur\/alpes-maritimes_06\" target=\"_blank\" rel=\"noopener\">Alpes-Maritimes<\/a>), a livr\u00e9 mardi 9 d\u00e9cembre 2025 le r\u00e9cit gla\u00e7ant de l\u2019attaque et de ses cons\u00e9quences devant la cour d\u2019assises d\u2019appel du Var o\u00f9 son ex-mari<strong> risque la r\u00e9clusion \u00e0 perp\u00e9tuit\u00e9<\/strong>.<\/p>\n<p>Un mariage arrang\u00e9<\/p>\n<p class=\" wall-content\">Elle a <strong>42 ans<\/strong>, le visage rond enserr\u00e9 dans un voile noir, un pull marron et un pantalon noir, un gant de contention \u00e0 la main gauche. Elle s\u2019exprime en arabe, d\u2019une voix douce mais d\u00e9cid\u00e9e, assist\u00e9e d\u2019un interpr\u00e8te, s\u2019interrompant parfois pour verser une larme ou reprendre son souffle.<\/p>\n<p class=\" wall-content\">Elle a tenu \u00e0 montrer \u00e0 la cour des photos d\u2019elle \u00ab\u00a0avant\u00a0\u00bb, jeune femme aux longs cheveux noirs, maquill\u00e9e et souriante, posant \u00e0 c\u00f4t\u00e9 de Nabil, un cousin \u00e9loign\u00e9 de cinq ans son cadet, cuisinier \u00e0 <a href=\"https:\/\/actu.fr\/nice\/\" target=\"_blank\" rel=\"noopener\">Nice<\/a>, visiblement radieux.<\/p>\n<p class=\" wall-content\">C\u2019\u00e9tait un mariage arrang\u00e9 entre cousins \u00e9loign\u00e9s, que l\u2019un comme l\u2019autre \u00e9tait libre de refuser, assure-t-elle. Elle vivait avec sa famille en Tunisie, travaillait dans une usine de fabrication d\u2019aiguilles m\u00e9dicales et \u00e9tait heureuse. Mais Nabil lui a plu. Et puis, il vivait en France.<\/p>\n<p>Son cauchemar commence en mai 2021<\/p>\n<p class=\" wall-content\">Apr\u00e8s quelques mois d\u2019attente, elle obtient son visa pour le rejoindre en mai 2021. Mais elle a vite d\u00e9chant\u00e9, violemment prise en grippe par sa belle-m\u00e8re et ses belles-soeurs. Et Nabil \u00ab\u00a0n\u2019\u00e9tait plus la m\u00eame personne qu\u2019en Tunisie\u00a0\u00bb. Il buvait tous les jours, rentrait tr\u00e8s tard du travail, se montrait agressif et insultant, ne s\u2019int\u00e9ressait \u00e0 elle qu\u2019au lit et laissait sa m\u00e8re la traiter \u00ab\u00a0comme une bonne\u00a0\u00bb.<\/p>\n<p class=\" wall-content\">Mais elle n\u2019envisage pas de partir: \u00ab\u00a0Je voulais que ce mariage r\u00e9ussisse (\u2026). Je voulais avoir des enfants, fonder un foyer\u00a0\u00bb.<\/p>\n<p class=\" wall-content\">Le soir du 13 ao\u00fbt 2021, une <strong>nouvelle dispute a \u00e9clat\u00e9<\/strong> au sein du couple au retour de la plage. Nabil l\u2019a menac\u00e9e avec un couteau, puis quand elle est all\u00e9e boire un verre d\u2019eau \u00e0 la cuisine, il a vers\u00e9 un liquide sur elle. \u00c0 proximit\u00e9 de la gazini\u00e8re, tout s\u2019est enflamm\u00e9 et elle s\u2019est enfuie dans les escaliers de l\u2019immeuble.<\/p>\n<p>Votre r\u00e9gion, votre actu !<\/p>\n<p>Recevez chaque jour les infos qui comptent pour vous.<\/p>\n<p>\t<a href=\"https:\/\/actu.fr\/newsletter\" class=\"ac-btn ac-btn--corner ac-btn--medium ac-btn--blue800\" target=\"_blank\" rel=\"noopener\">S&rsquo;incrire<\/a><br \/>\n\u00ab\u00a0Je criais, je criais\u00a0\u00bb<\/p>\n<p class=\" wall-content\">\u00ab\u00a0C\u2019est une br\u00fblure que personne ne peut imaginer\u00a0\u00bb, a-t-elle racont\u00e9. Les jur\u00e9s ont pu \u00e9couter l\u2019enregistrement d\u2019un appel \u00e0 la police: sur <strong>fond des cris de douleur d\u2019Asma<\/strong>, une voisine d\u00e9crit une femme en feu, poursuivie par son mari arm\u00e9 d\u2019un couteau.<\/p>\n<p class=\" wall-content\">Asma n\u2019a que des souvenirs confus: \u00ab\u00a0Je criais, je criais. En bas il y avait beaucoup de monde. J\u2019\u00e9tais toute nue. Des gens ont enlev\u00e9 leur foulard pour essayer de me couvrir. Je leur criais de verser de l\u2019eau sur moi\u00a0\u00bb.<\/p>\n<p class=\" wall-content\">Transport\u00e9e par h\u00e9licopt\u00e8re au service des grands br\u00fbl\u00e9s de Marseille, elle a pass\u00e9 <strong>plusieurs semaines dans le coma<\/strong>, avant des mois d\u2019hospitalisation puis de r\u00e9\u00e9ducation.<\/p>\n<p>Son corps br\u00fbl\u00e9 \u00e0 29%\u00a0<\/p>\n<p class=\" wall-content\">\u00ab\u00a0J\u2019aurais voulu mourir\u00a0\u00bb, a-t-elle t\u00e9moign\u00e9. \u00ab\u00a0Ce que j\u2019aimais en moi c\u2019\u00e9tait mon corps, mes cheveux\u00a0\u00bb. Si son visage est \u00e9pargn\u00e9, son corps est br\u00fbl\u00e9 \u00e0 29%, dans le dos et sur le c\u00f4t\u00e9 gauche. Les oreilles sont br\u00fbl\u00e9es, la t\u00eate couverte de plaques. \u00ab\u00a0Je me gratte tout le temps, je dors avec des m\u00e9dicaments, je souris avec des m\u00e9dicaments\u00a0\u00bb.<\/p>\n<p class=\" wall-content\">\u00ab\u00a0Partout dans le monde, des gens r\u00eavent de venir en France. Mais je n\u2019ai vu de la France que les h\u00f4pitaux, les salles d\u2019op\u00e9ration, les kin\u00e9s, les assistantes sociales. Je suis une morte-vivante\u00a0\u00bb.<\/p>\n<p class=\" wall-content\">\u00ab\u00a0Quand je suis habill\u00e9e, les gens qui me voient pensent que je vais bien alors qu\u2019\u00e0 l\u2019int\u00e9rieur, je suis br\u00fbl\u00e9e\u00a0\u00bb, a-t-elle expliqu\u00e9. Et depuis quatre ans, elle est \u00ab\u00a0habit\u00e9e par la peur\u00a0\u00bb que son ex-belle-famille vienne l\u2019achever.<\/p>\n<p>Verdict attendu vendredi<\/p>\n<p class=\" wall-content\">Condamn\u00e9 \u00e0 la perp\u00e9tuit\u00e9 lors du premier proc\u00e8s en d\u00e9cembre 2024 devant les assises des Alpes-Maritimes, Nabil a <strong>toujours contest\u00e9 les faits<\/strong>, assurant que sa femme \u00e9tait insatisfaite de leur mariage et qu\u2019elle avait fait une tentative de suicide par immolation, alors qu\u2019il \u00e9tait parti en voiture apr\u00e8s la dispute.<\/p>\n<p class=\" wall-content\">Mais son t\u00e9l\u00e9phone bornait dans le quartier au moment des faits et un expert a t\u00e9moign\u00e9 que les zones du corps touch\u00e9es \u00e9taient incompatibles avec une auto-immolation. Le verdict est attendu vendredi.<\/p>\n<p class=\" wall-content\">(*pr\u00e9nom d\u2019emprunt)<\/p>\n<p class=\" wall-content\"><strong>AVEC AFP\u00a0<\/strong><\/p>\n<p class=\" wall-content\">Personnalisez votre actualit\u00e9 en ajoutant vos villes et m\u00e9dias en favori avec <a href=\"https:\/\/moncompte.actu.fr\" title=\"D\u00e9couvez Mon Actu\" rel=\"nofollow noopener\" data-trk=\"{&quot;cta&quot;:{&quot;action&quot;:&quot;https:\\\/\\\/moncompte.actu.fr&quot;,&quot;category&quot;:&quot;mon compte&quot;,&quot;from&quot;:&quot;article footer&quot;,&quot;name&quot;:&quot;Mon actu&quot;,&quot;type&quot;:&quot;cta&quot;}}\" target=\"_blank\">Mon Actu<\/a>.<\/p>\n","protected":false},"excerpt":{"rendered":"Par Ugo Maillard Publi\u00e9 le 10 d\u00e9c. 2025 \u00e0 11h41 \u00ab\u00a0Je suis br\u00fbl\u00e9e \u00e0 l\u2019int\u00e9rieur\u00a0\u00bb: Asma*, victime d\u2019une&hellip;\n","protected":false},"author":2,"featured_media":590624,"comment_status":"","ping_status":"","sticky":false,"template":"","format":"standard","meta":{"footnotes":""},"categories":[2819],"tags":[1111,11,1777,674,118,3555,1011,27,303,12,2401,882,25,798],"class_list":{"0":"post-590623","1":"post","2":"type-post","3":"status-publish","4":"format-standard","5":"has-post-thumbnail","7":"category-nice","8":"tag-actu","9":"tag-actualites","10":"tag-eu","11":"tag-europe","12":"tag-faits-divers","13":"tag-feminicide","14":"tag-fr","15":"tag-france","16":"tag-justice","17":"tag-news","18":"tag-nice","19":"tag-provence-alpes-cote-dazur","20":"tag-republique-francaise","21":"tag-violences-conjugales"},"share_on_mastodon":{"url":"https:\/\/pubeurope.com\/@fr\/115695228346696492","error":""},"_links":{"self":[{"href":"https:\/\/www.europesays.com\/fr\/wp-json\/wp\/v2\/posts\/590623","targetHints":{"allow":["GET"]}}],"collection":[{"href":"https:\/\/www.europesays.com\/fr\/wp-json\/wp\/v2\/posts"}],"about":[{"href":"https:\/\/www.europesays.com\/fr\/wp-json\/wp\/v2\/types\/post"}],"author":[{"embeddable":true,"href":"https:\/\/www.europesays.com\/fr\/wp-json\/wp\/v2\/users\/2"}],"replies":[{"embeddable":true,"href":"https:\/\/www.europesays.com\/fr\/wp-json\/wp\/v2\/comments?post=590623"}],"version-history":[{"count":0,"href":"https:\/\/www.europesays.com\/fr\/wp-json\/wp\/v2\/posts\/590623\/revisions"}],"wp:featuredmedia":[{"embeddable":true,"href":"https:\/\/www.europesays.com\/fr\/wp-json\/wp\/v2\/media\/590624"}],"wp:attachment":[{"href":"https:\/\/www.europesays.com\/fr\/wp-json\/wp\/v2\/media?parent=590623"}],"wp:term":[{"taxonomy":"category","embeddable":true,"href":"https:\/\/www.europesays.com\/fr\/wp-json\/wp\/v2\/categories?post=590623"},{"taxonomy":"post_tag","embeddable":true,"href":"https:\/\/www.europesays.com\/fr\/wp-json\/wp\/v2\/tags?post=590623"}],"curies":[{"name":"wp","href":"https:\/\/api.w.org\/{rel}","templated":true}]}}