{"id":590625,"date":"2025-12-10T12:17:13","date_gmt":"2025-12-10T12:17:13","guid":{"rendered":"https:\/\/www.europesays.com\/fr\/590625\/"},"modified":"2025-12-10T12:17:13","modified_gmt":"2025-12-10T12:17:13","slug":"un-magasin-de-cookies-ouvre-dans-le-centre","status":"publish","type":"post","link":"https:\/\/www.europesays.com\/fr\/590625\/","title":{"rendered":"un magasin de cookies ouvre dans le centre"},"content":{"rendered":"<p>                    Par<br \/>\n        <strong><br \/>\n            <a href=\"https:\/\/actu.fr\/auteur\/redaction-nantes\" title=\"Consulter tous les articles de R\u00e9daction Nantes\" target=\"_blank\" rel=\"noopener\">R\u00e9daction Nantes<\/a><br \/>\n                    <\/strong><\/p>\n<p>        Publi\u00e9 le<\/p>\n<p>            10 d\u00e9c. 2025 \u00e0 12h23        <\/p>\n<p>\u00c0 quelques pas du Passage Pommeraye et de la place du Commerce, les visiteurs du centre-ville peuvent s\u2019octroyer une pause sucr\u00e9e. <b>Ce mercredi 10 d\u00e9cembre 2025<\/b>, \u00e0 14h, une boutique<b> La Fabrique \u00e0 Cookies ouvre ses portes<\/b>, au 23 rue de la Fosse.\u00a0<\/p>\n<p class=\" wall-content\"><a href=\"https:\/\/www.instagram.com\/p\/DSDXDeXjA8Q\/embed\" title=\"Ouvrir le lien sur Instagram\" target=\"_blank\" rel=\"noopener\">Visualiser le contenu sur Instagram<\/a><\/p>\n<p>Une premi\u00e8re ouverture \u00e0 Nantes\u00a0<\/p>\n<p class=\" wall-content\">Le r\u00e9seau compte <b>20 boutiques en France<\/b>. La franchise d\u00e9barque pour la premi\u00e8re fois dans la cit\u00e9 des ducs de Bretagne. Le local nantais, r\u00e9parti sur 16,5 m\u00b2, propose des cookies chaque jour sur place, ainsi que des boissons chaudes et froides.\u00a0<\/p>\n<p class=\" wall-content\">L\u2019adresse est dirig\u00e9e par Alexis et Cl\u00e9ment, deux fr\u00e8res, anciens managers dans le secteur. Le commerce sera ouvert au quotidien <b>de 10 h \u00e0 19 h.<\/b><\/p>\n<p><b>Infos pratiques <\/b>:\u00a0<br \/><a href=\"https:\/\/www.instagram.com\/lafabriquecookiesnantes\/\" target=\"_blank\" rel=\"noopener\">La Fabrique \u00e0 cookies<\/a>, 23 rue de la Fosse, Nantes.<br \/>Ouvert du lundi au dimanche, de 10 h \u00e0 19 h.\u00a0<\/p>\n<p class=\" wall-content\">Personnalisez votre actualit\u00e9 en ajoutant vos villes et m\u00e9dias en favori avec <a href=\"https:\/\/moncompte.actu.fr\" title=\"D\u00e9couvez Mon Actu\" rel=\"nofollow noopener\" data-trk=\"{&quot;cta&quot;:{&quot;action&quot;:&quot;https:\\\/\\\/moncompte.actu.fr&quot;,&quot;category&quot;:&quot;mon compte&quot;,&quot;from&quot;:&quot;article footer&quot;,&quot;name&quot;:&quot;Mon actu&quot;,&quot;type&quot;:&quot;cta&quot;}}\" target=\"_blank\">Mon Actu<\/a>.<\/p>\n<p>                    <script async src=\"\/\/www.instagram.com\/embed.js\"><\/script><\/p>\n","protected":false},"excerpt":{"rendered":"Par R\u00e9daction Nantes Publi\u00e9 le 10 d\u00e9c. 2025 \u00e0 12h23 \u00c0 quelques pas du Passage Pommeraye et de&hellip;\n","protected":false},"author":2,"featured_media":590626,"comment_status":"","ping_status":"","sticky":false,"template":"","format":"standard","meta":{"footnotes":""},"categories":[2818],"tags":[1111,11,215,1777,674,1011,27,766,12,3147,2636,25,104],"class_list":{"0":"post-590625","1":"post","2":"type-post","3":"status-publish","4":"format-standard","5":"has-post-thumbnail","7":"category-nantes","8":"tag-actu","9":"tag-actualites","10":"tag-commerce","11":"tag-eu","12":"tag-europe","13":"tag-fr","14":"tag-france","15":"tag-nantes","16":"tag-news","17":"tag-nouveaux-commerces","18":"tag-pays-de-la-loire","19":"tag-republique-francaise","20":"tag-societe"},"share_on_mastodon":{"url":"https:\/\/pubeurope.com\/@fr\/115695232344040677","error":""},"_links":{"self":[{"href":"https:\/\/www.europesays.com\/fr\/wp-json\/wp\/v2\/posts\/590625","targetHints":{"allow":["GET"]}}],"collection":[{"href":"https:\/\/www.europesays.com\/fr\/wp-json\/wp\/v2\/posts"}],"about":[{"href":"https:\/\/www.europesays.com\/fr\/wp-json\/wp\/v2\/types\/post"}],"author":[{"embeddable":true,"href":"https:\/\/www.europesays.com\/fr\/wp-json\/wp\/v2\/users\/2"}],"replies":[{"embeddable":true,"href":"https:\/\/www.europesays.com\/fr\/wp-json\/wp\/v2\/comments?post=590625"}],"version-history":[{"count":0,"href":"https:\/\/www.europesays.com\/fr\/wp-json\/wp\/v2\/posts\/590625\/revisions"}],"wp:featuredmedia":[{"embeddable":true,"href":"https:\/\/www.europesays.com\/fr\/wp-json\/wp\/v2\/media\/590626"}],"wp:attachment":[{"href":"https:\/\/www.europesays.com\/fr\/wp-json\/wp\/v2\/media?parent=590625"}],"wp:term":[{"taxonomy":"category","embeddable":true,"href":"https:\/\/www.europesays.com\/fr\/wp-json\/wp\/v2\/categories?post=590625"},{"taxonomy":"post_tag","embeddable":true,"href":"https:\/\/www.europesays.com\/fr\/wp-json\/wp\/v2\/tags?post=590625"}],"curies":[{"name":"wp","href":"https:\/\/api.w.org\/{rel}","templated":true}]}}