{"id":590627,"date":"2025-12-10T12:18:19","date_gmt":"2025-12-10T12:18:19","guid":{"rendered":"https:\/\/www.europesays.com\/fr\/590627\/"},"modified":"2025-12-10T12:18:19","modified_gmt":"2025-12-10T12:18:19","slug":"un-feu-dappartement-provoque-un-gros-panache-de-fumee-au-dessus-de-nantes","status":"publish","type":"post","link":"https:\/\/www.europesays.com\/fr\/590627\/","title":{"rendered":"Un feu d&rsquo;appartement provoque un gros panache de fum\u00e9e au-dessus de Nantes"},"content":{"rendered":"<p> <img decoding=\"async\" src=\"https:\/\/www.europesays.com\/fr\/wp-content\/uploads\/2025\/12\/1765369096_613_1200x680\" alt=\"illustration agrandir l'image\" style=\"--_image-preview:url('data:image\/jpeg;base64,\/9j\/2wBDACgcHiMeGSgjISMtKygwPGRBPDc3PHtYXUlkkYCZlo+AjIqgtObDoKrarYqMyP\/L2u71\/\/\/\/m8H\/\/\/\/6\/+b9\/\/j\/2wBDASstLTw1PHZBQXb4pYyl+Pj4+Pj4+Pj4+Pj4+Pj4+Pj4+Pj4+Pj4+Pj4+Pj4+Pj4+Pj4+Pj4+Pj4+Pj4+Pj4+Pj\/wAARCAAXACoDASIAAhEBAxEB\/8QAGAAAAwEBAAAAAAAAAAAAAAAAAAECAwT\/xAAYEAEBAQEBAAAAAAAAAAAAAAAAARECEv\/EABcBAQEBAQAAAAAAAAAAAAAAAAIAAQP\/xAAWEQEBAQAAAAAAAAAAAAAAAAAAARH\/2gAMAwEAAhEDEQA\/AOv0PTPS0xaXpN6Tam1I7S1No0dKRoQDRFTQE2EQA10j\/9k=');\" loading=\"eager\" fetchpriority=\"high\" class=\"svelte-1cksh76 rounded\" onload=\"this.__e=event\" onerror=\"this.__e=event\"\/> Le panache de fum\u00e9e vu depuis les bords de Loire. \u00a9 Radio France &#8211; Dylan Bezoteaux     <\/p>\n<p class=\"g-ici-body-regular-3 info svelte-r4l8dg\">Publi\u00e9 le mercredi 10 d\u00e9cembre 2025 \u00e0 13:03 <\/p>\n<ul class=\"SocialNetworks svelte-oam7rq\">\n<li class=\"svelte-oam7rq\"><\/li>\n<li class=\"svelte-oam7rq\"><\/li>\n<li class=\"svelte-oam7rq\"><\/li>\n<li class=\"svelte-oam7rq\"><\/li>\n<li class=\"svelte-oam7rq\"><\/li>\n<\/ul>\n<p class=\"standfirst g-ici-body-bold-1 svelte-huxgbw\">Un appartement de la rue Four\u00e9, pr\u00e8s de la cit\u00e9 des congr\u00e8s de Nantes, a pris feu, ce mercredi \u00e0 la mi-journ\u00e9e, provoquant un gros panache de fum\u00e9e noire. Une trentaine de pompiers ont \u00e9t\u00e9 envoy\u00e9s sur place.<\/p>\n<p>Un gros panache de fum\u00e9e noire s&rsquo;est \u00e9lev\u00e9 au-dessus du centre-ville de Nantes, ce mercredi \u00e0 la mi-journ\u00e9e. C&rsquo;est un appartement qui a pris feu rue Four\u00e9, tout pr\u00e8s de la cit\u00e9 des congr\u00e8s, dans le quartier Madeleine-Champs de Mars. Les pompiers sont arriv\u00e9s sur place \u00e0 midi <strong>apr\u00e8s avoir re\u00e7u de nombreux appels<\/strong>, 45, pr\u00e9cise le Service d\u00e9partemental d&rsquo;incendie et de secours. La rue Fourr\u00e9 est en effet une rue tr\u00e8s passante avec de nombreux restaurants.<\/p>\n<p>Une trentaine de pompiers mobilis\u00e9s<\/p>\n<p>Une trentaine de pompiers ont \u00e9t\u00e9 mobilis\u00e9s sur cette intervention dans un immeuble r\u00e9cent de trois \u00e9tages. C&rsquo;est un appartement au premier qui a \u00e9t\u00e9 touch\u00e9.<\/p>\n<p> <img decoding=\"async\" src=\"https:\/\/www.europesays.com\/fr\/wp-content\/uploads\/2025\/12\/1765369099_315_1280\" alt=\"illustration agrandir l'image\" style=\"--_image-preview:url('data:image\/jpeg;base64,\/9j\/2wBDACgcHiMeGSgjISMtKygwPGRBPDc3PHtYXUlkkYCZlo+AjIqgtObDoKrarYqMyP\/L2u71\/\/\/\/m8H\/\/\/\/6\/+b9\/\/j\/2wBDASstLTw1PHZBQXb4pYyl+Pj4+Pj4+Pj4+Pj4+Pj4+Pj4+Pj4+Pj4+Pj4+Pj4+Pj4+Pj4+Pj4+Pj4+Pj4+Pj4+Pj\/wAARCAAfACoDASIAAhEBAxEB\/8QAGAAAAwEBAAAAAAAAAAAAAAAAAAIDAQT\/xAAYEAEBAQEBAAAAAAAAAAAAAAAAAgEREv\/EABYBAQEBAAAAAAAAAAAAAAAAAAEAAv\/EABQRAQAAAAAAAAAAAAAAAAAAAAD\/2gAMAwEAAhEDEQA\/AO6tSrW1SVUQNovSbTPQJ9KOjpRtslUn6LtMo+0z0To6kp6HpPo6U\/\/Z');\" loading=\"lazy\" fetchpriority=\"low\" class=\"svelte-1cksh76 rounded\" onload=\"this.__e=event\" onerror=\"this.__e=event\"\/> La fa\u00e7ade noircie du b\u00e2timent apr\u00e8s ce feu qui a pris au premier \u00e9tage. \u00a9 Radio France &#8211; Le\u00efla M\u00e9chaouri    <\/p>\n<ul class=\"SocialNetworks svelte-oam7rq\">\n<li class=\"svelte-oam7rq\"><\/li>\n<li class=\"svelte-oam7rq\"><\/li>\n<li class=\"svelte-oam7rq\"><\/li>\n<li class=\"svelte-oam7rq\"><\/li>\n<li class=\"svelte-oam7rq\"><\/li>\n<\/ul>\n","protected":false},"excerpt":{"rendered":"Le panache de fum\u00e9e vu depuis les bords de Loire. \u00a9 Radio France &#8211; Dylan Bezoteaux Publi\u00e9 le&hellip;\n","protected":false},"author":2,"featured_media":590628,"comment_status":"","ping_status":"","sticky":false,"template":"","format":"standard","meta":{"footnotes":""},"categories":[2818],"tags":[1111,11,1777,674,1011,27,766,12,2636,25],"class_list":{"0":"post-590627","1":"post","2":"type-post","3":"status-publish","4":"format-standard","5":"has-post-thumbnail","7":"category-nantes","8":"tag-actu","9":"tag-actualites","10":"tag-eu","11":"tag-europe","12":"tag-fr","13":"tag-france","14":"tag-nantes","15":"tag-news","16":"tag-pays-de-la-loire","17":"tag-republique-francaise"},"share_on_mastodon":{"url":"https:\/\/pubeurope.com\/@fr\/115695238047341451","error":""},"_links":{"self":[{"href":"https:\/\/www.europesays.com\/fr\/wp-json\/wp\/v2\/posts\/590627","targetHints":{"allow":["GET"]}}],"collection":[{"href":"https:\/\/www.europesays.com\/fr\/wp-json\/wp\/v2\/posts"}],"about":[{"href":"https:\/\/www.europesays.com\/fr\/wp-json\/wp\/v2\/types\/post"}],"author":[{"embeddable":true,"href":"https:\/\/www.europesays.com\/fr\/wp-json\/wp\/v2\/users\/2"}],"replies":[{"embeddable":true,"href":"https:\/\/www.europesays.com\/fr\/wp-json\/wp\/v2\/comments?post=590627"}],"version-history":[{"count":0,"href":"https:\/\/www.europesays.com\/fr\/wp-json\/wp\/v2\/posts\/590627\/revisions"}],"wp:featuredmedia":[{"embeddable":true,"href":"https:\/\/www.europesays.com\/fr\/wp-json\/wp\/v2\/media\/590628"}],"wp:attachment":[{"href":"https:\/\/www.europesays.com\/fr\/wp-json\/wp\/v2\/media?parent=590627"}],"wp:term":[{"taxonomy":"category","embeddable":true,"href":"https:\/\/www.europesays.com\/fr\/wp-json\/wp\/v2\/categories?post=590627"},{"taxonomy":"post_tag","embeddable":true,"href":"https:\/\/www.europesays.com\/fr\/wp-json\/wp\/v2\/tags?post=590627"}],"curies":[{"name":"wp","href":"https:\/\/api.w.org\/{rel}","templated":true}]}}