{"id":590631,"date":"2025-12-10T12:20:18","date_gmt":"2025-12-10T12:20:18","guid":{"rendered":"https:\/\/www.europesays.com\/fr\/590631\/"},"modified":"2025-12-10T12:20:18","modified_gmt":"2025-12-10T12:20:18","slug":"plus-de-100-residents-evacues","status":"publish","type":"post","link":"https:\/\/www.europesays.com\/fr\/590631\/","title":{"rendered":"plus de 100 r\u00e9sidents \u00e9vacu\u00e9s"},"content":{"rendered":"<p>                    Par<br \/>\n        <strong><br \/>\n            <a href=\"https:\/\/actu.fr\/auteur\/julian-doubax\" title=\"Consulter tous les articles de Julian Doubax\" target=\"_blank\" rel=\"noopener\">Julian Doubax<\/a><br \/>\n                    <\/strong><\/p>\n<p>        Publi\u00e9 le<\/p>\n<p>            10 d\u00e9c. 2025 \u00e0 11h55        <\/p>\n<p>Ce mardi 9 d\u00e9cembre 2025, vers 12h30, un <strong>incendie<\/strong> s\u2019est d\u00e9clar\u00e9 dans le box de stockage d\u2019un immeuble d\u2019habitation de 18 \u00e9tages dans le quartier Saige \u00e0 <a href=\"https:\/\/actu.fr\/nouvelle-aquitaine\/pessac_33318\" target=\"_blank\" rel=\"noopener\">Pessac<\/a> (Gironde).\u00a0<\/p>\n<p class=\" wall-content\">Le sinistre, qui est parti du rez-de-chauss\u00e9e, a \u00e9t\u00e9 \u00e9teint au moyen d\u2019une lance. L\u2019intervention a n\u00e9cessit\u00e9 <strong>l\u2019\u00e9vacuation de plus de 100 r\u00e9sidents<\/strong>. Ils ont pu regagner leur logement apr\u00e8s le contr\u00f4le du taux de monoxyde de carbone.\u00a0<\/p>\n<p class=\" wall-content\">Les flammes ont impact\u00e9 9 box pour une surface globale de 50 m\u00e8tres carr\u00e9s. Des \u00e9l\u00e9ments en amiante indiqu\u00e9s par <a href=\"https:\/\/actu.fr\/nouvelle-aquitaine\/eysines_33162\/apres-une-erreur-du-bailleur-cette-famille-de-gironde-voit-tous-ses-souvenirs-partir-a-la-dechetterie_63005837.html\" target=\"_blank\" rel=\"noopener\">Domofrance<\/a> et pr\u00e9sents dans les d\u00e9blais ont \u00e9t\u00e9 s\u00e9curis\u00e9s et seront pris en compte par une entreprise sp\u00e9cialis\u00e9e.\u00a0<\/p>\n<p class=\" wall-content\">\u00ab\u00a0Un incendie <strong>sans bless\u00e9 ni relogement.<\/strong> Gr\u00e2ce \u00e0 la vigilance des habitants qui ont vu de la fum\u00e9e s\u2019\u00e9chapper des caves de la tour num\u00e9ro 8, les pompiers ont pu intervenir et \u00e9teindre le feu ultra rapidement\u00a0\u00bb, souligne Franck Raynal, maire de la commune venu sur les lieux.\u00a0<\/p>\n<p class=\" wall-content\">Personnalisez votre actualit\u00e9 en ajoutant vos villes et m\u00e9dias en favori avec <a href=\"https:\/\/moncompte.actu.fr\" title=\"D\u00e9couvez Mon Actu\" rel=\"nofollow noopener\" data-trk=\"{&quot;cta&quot;:{&quot;action&quot;:&quot;https:\\\/\\\/moncompte.actu.fr&quot;,&quot;category&quot;:&quot;mon compte&quot;,&quot;from&quot;:&quot;article footer&quot;,&quot;name&quot;:&quot;Mon actu&quot;,&quot;type&quot;:&quot;cta&quot;}}\" target=\"_blank\">Mon Actu<\/a>.<\/p>\n","protected":false},"excerpt":{"rendered":"Par Julian Doubax Publi\u00e9 le 10 d\u00e9c. 2025 \u00e0 11h55 Ce mardi 9 d\u00e9cembre 2025, vers 12h30, un&hellip;\n","protected":false},"author":2,"featured_media":590632,"comment_status":"","ping_status":"","sticky":false,"template":"","format":"standard","meta":{"footnotes":""},"categories":[2817],"tags":[1111,11,1997,1777,674,118,1011,27,1310,12,2219,1311,25],"class_list":{"0":"post-590631","1":"post","2":"type-post","3":"status-publish","4":"format-standard","5":"has-post-thumbnail","7":"category-bordeaux","8":"tag-actu","9":"tag-actualites","10":"tag-bordeaux","11":"tag-eu","12":"tag-europe","13":"tag-faits-divers","14":"tag-fr","15":"tag-france","16":"tag-incendie","17":"tag-news","18":"tag-nouvelle-aquitaine","19":"tag-pompiers","20":"tag-republique-francaise"},"share_on_mastodon":{"url":"https:\/\/pubeurope.com\/@fr\/115695244119047235","error":""},"_links":{"self":[{"href":"https:\/\/www.europesays.com\/fr\/wp-json\/wp\/v2\/posts\/590631","targetHints":{"allow":["GET"]}}],"collection":[{"href":"https:\/\/www.europesays.com\/fr\/wp-json\/wp\/v2\/posts"}],"about":[{"href":"https:\/\/www.europesays.com\/fr\/wp-json\/wp\/v2\/types\/post"}],"author":[{"embeddable":true,"href":"https:\/\/www.europesays.com\/fr\/wp-json\/wp\/v2\/users\/2"}],"replies":[{"embeddable":true,"href":"https:\/\/www.europesays.com\/fr\/wp-json\/wp\/v2\/comments?post=590631"}],"version-history":[{"count":0,"href":"https:\/\/www.europesays.com\/fr\/wp-json\/wp\/v2\/posts\/590631\/revisions"}],"wp:featuredmedia":[{"embeddable":true,"href":"https:\/\/www.europesays.com\/fr\/wp-json\/wp\/v2\/media\/590632"}],"wp:attachment":[{"href":"https:\/\/www.europesays.com\/fr\/wp-json\/wp\/v2\/media?parent=590631"}],"wp:term":[{"taxonomy":"category","embeddable":true,"href":"https:\/\/www.europesays.com\/fr\/wp-json\/wp\/v2\/categories?post=590631"},{"taxonomy":"post_tag","embeddable":true,"href":"https:\/\/www.europesays.com\/fr\/wp-json\/wp\/v2\/tags?post=590631"}],"curies":[{"name":"wp","href":"https:\/\/api.w.org\/{rel}","templated":true}]}}