{"id":59064,"date":"2025-04-28T11:01:08","date_gmt":"2025-04-28T11:01:08","guid":{"rendered":"https:\/\/www.europesays.com\/fr\/59064\/"},"modified":"2025-04-28T11:01:08","modified_gmt":"2025-04-28T11:01:08","slug":"pour-le-canada-un-rapprochement-avec-leurope-serait-benefique-lexpress","status":"publish","type":"post","link":"https:\/\/www.europesays.com\/fr\/59064\/","title":{"rendered":"\u00ab\u00a0Pour le Canada, un rapprochement avec l\u2019Europe serait b\u00e9n\u00e9fique\u00a0\u00bb \u2013 L&rsquo;Express"},"content":{"rendered":"<p class=\"paragraph article-body-paragraph article__item   article-body-paragraph--first \">Le long du 45e parall\u00e8le, l\u2019ambiance est \u00e9lectrique ces derniers mois. Quand les Etats-Unis jouent la provocation en parlant du \u00ab\u00a051e \u00c9tat\u00a0\u00bb am\u00e9ricain, le Canada retire de ses rayons des produits provenant de son voisin. Dans cette zone de libre-\u00e9change, autrefois synonyme de coop\u00e9ration, les barri\u00e8res douani\u00e8res se dressent. La tension monte aussi au Canada m\u00eame. Cons\u00e9quence de la d\u00e9mission du premier ministre Justin Trudeau en janvier, des \u00e9lections se tiennent lundi 28 avril. Ce n\u2019est plus qu\u2019une question d\u2019heures <a href=\"https:\/\/www.lexpress.fr\/monde\/amerique\/au-canada-lombre-de-donald-trump-plane-sur-les-elections-nos-infographies-pour-tout-comprendre-VASNNFM5DVD4BOU4SIAKI7JNUQ\/\" target=\"_blank\" rel=\"nofollow noopener\">avant que le pays ne d\u00e9couvre le visage de son successeur<\/a>. En t\u00eate des intentions de vote : Mark Carney, chef du Parti lib\u00e9ral. Mais rien n\u2019est jou\u00e9. Il y a quelques mois encore, Pierre Poilievre, figure montante des conservateurs, dominait les sondages.<\/p>\n<p><strong class=\"article-body-link-list__item text-gray-800 article-body-link-list__item--one-item\">LIRE AUSSI : <a class=\"article-body-link-list__item-link\" href=\"https:\/\/www.lexpress.fr\/economie\/politique-economique\/demission-de-justin-trudeau-et-retour-de-donald-trump-le-canada-sous-pression-commerciale-Q2ZKLKKI5RC7RMAPI7H5JJWZ54\/\" target=\"_blank\" rel=\"noreferrer nofollow noopener\">D\u00e9mission de Justin Trudeau et retour de Donald Trump : le Canada sous pression commerciale<\/a><\/strong><\/p>\n<p class=\"paragraph article-body-paragraph article__item   \">Ces rouages politiques, Dominique Anglade les conna\u00eet par c\u0153ur. Lorsque les premiers droits de douane de Donald Trump s\u2019abattaient sur le pays de l\u2019\u00e9rable, elle \u00e9tait ministre de l\u2019\u00e9conomie du Qu\u00e9bec. Cette quinquag\u00e9naire \u00e0 la poign\u00e9e de main ferme a fait ses armes dans le monde des affaires \u2014 Procter &amp; Gamble, McKinsey \u2014 avant de prendre les r\u00eanes du Parti lib\u00e9ral qu\u00e9b\u00e9cois, qu\u2019elle dirigera entre 2020 et 2022. D\u00e9sormais professeure associ\u00e9e et co-leader \u00e0 la direction de la transition durable \u00e0 HEC Montr\u00e9al, elle revient pour L\u2019Express sur les d\u00e9fis qui attendent son pays dans ce bras de fer avec l\u2019Am\u00e9rique.<\/p>\n<p class=\"paragraph article__item--bold article-body-paragraph article__item   \">L\u2019Express : La ren\u00e9gociation de l\u2019accord Canada \u2013 \u00c9tats-Unis \u2013 Mexique (Aceum) approche \u00e0 grands pas. Face \u00e0 un Donald Trump qui multiplie les invectives, quelle posture le Canada devrait-il adopter \u00e0 la table des n\u00e9gociations ?<\/p>\n<p class=\"paragraph article-body-paragraph article__item   \"><b>Dominique Anglade :<\/b> Il est encore trop t\u00f4t pour parler des discussions sur l\u2019accord. Non seulement la strat\u00e9gie va d\u00e9pendre du r\u00e9sultat des \u00e9lections, mais on ne sait m\u00eame pas dans quel contexte on sera d\u2019un point de vue tarifaire ! Une chose est s\u00fbre : ce ne sera pas du tout la m\u00eame ren\u00e9gociation que la derni\u00e8re fois. \u00c0 l\u2019\u00e9poque, on avait un interlocuteur qui \u00e9tait, certes, difficile, mais minimalement pr\u00e9visible. On savait que certains dossiers, comme le bois d\u2019\u0153uvre, seraient \u00e9pineux, mais que l\u2019on pouvait s\u2019entendre sur d\u2019autres points\u2026 Ce qui est loin d\u2019\u00eatre garanti cette fois-ci.<\/p>\n<p><strong class=\"article-body-link-list__item text-gray-800 article-body-link-list__item--one-item\">LIRE AUSSI : <a class=\"article-body-link-list__item-link\" href=\"https:\/\/www.lexpress.fr\/idees-et-debats\/dans-le-chaos-cree-par-donald-trump-trois-raisons-desperer-par-jean-francois-cope-MBDGSJ4CQZHSLJI6PD7A6QK54E\/\" target=\"_blank\" rel=\"noreferrer nofollow noopener\">Dans le chaos cr\u00e9\u00e9 par Donald Trump, trois raisons d\u2019esp\u00e9rer ! Par Jean-Fran\u00e7ois Cop\u00e9<\/a><\/strong><\/p>\n<p class=\"paragraph article-body-paragraph article__item   \">Cela dit, il faut prendre un peu de recul. Au-del\u00e0 de l\u2019accord, c\u2019est la question de la relation avec les \u00c9tats-Unis qui est en jeu. On parle beaucoup de Trump comme s\u2019il \u00e9tait la cause de tous les maux. En r\u00e9alit\u00e9, il est la cons\u00e9quence d\u2019une radicalisation progressive du parti r\u00e9publicain et d\u2019une polarisation de la soci\u00e9t\u00e9 am\u00e9ricaine. Cette situation va durer pendant un certain temps, et nous devons nous y adapter.<\/p>\n<p class=\"paragraph article__item--bold article-body-paragraph article__item   \">Ces derniers mois, des repr\u00e9sentants provinciaux canadiens ont \u00e9voqu\u00e9 la possibilit\u00e9 d\u2019exclure le Mexique des n\u00e9gociations sur l\u2019Aceum. Quel jeu d\u2019alliances le Canada est-il en train de mener ?<\/p>\n<p class=\"paragraph article-body-paragraph article__item   \">Lorsque le libre-\u00e9change battait son plein, il y avait une harmonie amicale entre les trois pays de notre r\u00e9gion. Aujourd\u2019hui, ce contexte a chang\u00e9 : nous ne sommes plus dans une \u00e9conomie de paix. Effectivement, il n\u2019y a pas, \u00e0 ce jour, de front commun entre le Mexique et le Canada face aux Etats-Unis, alors m\u00eame que l\u2019on gagnerait \u00e0 unir nos forces dans cette n\u00e9gociation.<\/p>\n<p class=\"paragraph article-body-paragraph article__item   \">Il faut que l\u2019on \u00e9tablisse des liens avec d\u2019autres partenaires. Toutes les options devraient \u00eatre mises sur la table. L\u2019Accord \u00e9conomique et commercial global (AECG) entre le Canada et l\u2019Union europ\u00e9enne, par exemple, est en application \u00e0 95 %, il serait bien que l\u2019on puisse enfin le ratifier. Un rapprochement avec l\u2019Europe serait b\u00e9n\u00e9fique notamment dans l\u2019innovation, pour travailler \u00e0 un leadership commun sur les nouvelles technologies.<\/p>\n<p class=\"paragraph article-body-paragraph article__item   \">En r\u00e9alit\u00e9, cette volont\u00e9 de diversification n\u2019est pas nouvelle. D\u00e8s le premier mandat de Trump, nous avons commenc\u00e9 \u00e0 explorer de nouveaux partenariats, notamment en Asie. Il y a eu des progr\u00e8s, mais pas d\u2019impulsion r\u00e9elle. Car il n\u2019y avait pas d\u2019urgence comme aujourd\u2019hui. Mais il y a une r\u00e9alit\u00e9 \u00e0 laquelle on ne pourra pas \u00e9chapper : le Canada exporte plus de 75 % de ce qu\u2019il produit aux \u00c9tats-Unis. G\u00e9ographiquement parlant, on sera toujours tr\u00e8s li\u00e9s.<\/p>\n<p class=\"paragraph article__item--bold article-body-paragraph article__item   \">Vous \u00e9tiez au pouvoir lors du premier mandat de Donald Trump. Quel moment fort retenez-vous de cette p\u00e9riode ?<\/p>\n<p class=\"paragraph article-body-paragraph article__item   \">Mon souvenir le plus marquant est celui des droits de douane impos\u00e9s \u00e0 l\u2019industrie a\u00e9rospatiale. Notre champion national, Bombardier, fabriquait des avions destin\u00e9s au march\u00e9 am\u00e9ricain. Il y avait des discussions difficiles avec <a href=\"https:\/\/www.lexpress.fr\/economie\/la-serie-noire-continue-pour-boeing-victime-de-la-guerre-commerciale-entre-la-chine-et-les-etats-LGN5XFXELVEJVHV7S5QBDOTQMI\/\" target=\"_self\" rel=\"nofollow noopener\">Boeing<\/a> [NDLR : qui reprochait \u00e0 Bombardier de casser ses prix] mais aussi avec Airbus.<\/p>\n<p><strong class=\"article-body-link-list__item text-gray-800 article-body-link-list__item--one-item\">LIRE AUSSI : <a class=\"article-body-link-list__item-link\" href=\"https:\/\/www.lexpress.fr\/environnement\/incendies-en-serie-relance-de-canadair-le-marche-des-bombardiers-deau-aiguise-les-appetits-CV3JT7QE7JHBTKE7QX7BSYX42A\/\" target=\"_blank\" rel=\"noreferrer nofollow noopener\">Incendies en s\u00e9rie, relance de Canadair\u2026 Le march\u00e9 des bombardiers d\u2019eau aiguise les app\u00e9tits<\/a><\/strong><\/p>\n<p class=\"paragraph article-body-paragraph article__item   \">Puis, du jour au lendemain, des droits de douane de 300 % ont \u00e9t\u00e9 d\u00e9cr\u00e9t\u00e9s. On pensait que 30 % seraient le pire sc\u00e9nario ! Nous avons \u00e9t\u00e9 vraiment pris de court. Ces taxes sont rest\u00e9es en place pendant plusieurs mois, alors m\u00eame que nous avions envoy\u00e9 un n\u00e9gociateur \u00e0 Washington sur-le-champ. Cette \u00e9preuve a r\u00e9v\u00e9l\u00e9 \u00e0 quel point le ton pouvait monter soudainement, mais nous avons fini par gagner la bataille juridique.<\/p>\n<p class=\"paragraph article__item--bold article-body-paragraph article__item   \">Quels sont les autres d\u00e9fis que le Canada doit relever pour \u00eatre moins vuln\u00e9rable face \u00e0 l\u2019impr\u00e9visibilit\u00e9 am\u00e9ricaine ?<\/p>\n<p class=\"paragraph article-body-paragraph article__item   \">Au-del\u00e0 de la diversification, le d\u00e9fi fondamental est de renforcer notre souverainet\u00e9. Nos donn\u00e9es ne peuvent pas r\u00e9sider dans des clouds que nous ne contr\u00f4lons pas. Cette souverainet\u00e9 est donc essentielle sur le plan num\u00e9rique, mais aussi par rapport \u00e0 l\u2019Arctique : nous poss\u00e9dons 20 % des r\u00e9serves d\u2019eau douce dans le monde, de nombreux min\u00e9raux critiques\u2026 Il y a beaucoup de choses que l\u2019on a besoin de prot\u00e9ger, surtout \u00e0 l\u2019heure o\u00f9 ces ressources pourraient \u00eatre cibl\u00e9es par les Etats-Unis dans une logique transactionnelle.<\/p>\n<p class=\"paragraph article-body-paragraph article__item    article__text__endpicto\">Enfin, un autre volet, qui m\u2019interpelle d\u2019un point de vue universitaire, notamment avec HEC Montr\u00e9al, est la question de la polarisation. On a besoin de mettre en place une souverainet\u00e9 universitaire et de travailler \u00e0 d\u00e9polariser un monde o\u00f9 il n\u2019y a plus de dialogue. Il faut \u00eatre capables d\u2019avoir des conversations difficiles. On conna\u00eet les \u00ab\u00a0safe space\u00a0\u00bb, mais il faut penser \u00e0 avoir des \u00ab\u00a0brave space\u00a0\u00bb o\u00f9 les opinions contraires se rencontrent.<\/p>\n<p>.<\/p>\n","protected":false},"excerpt":{"rendered":"Le long du 45e parall\u00e8le, l\u2019ambiance est \u00e9lectrique ces derniers mois. Quand les Etats-Unis jouent la provocation en&hellip;\n","protected":false},"author":2,"featured_media":59065,"comment_status":"","ping_status":"","sticky":false,"template":"","format":"standard","meta":{"footnotes":""},"categories":[1586],"tags":[11,782,33,1777,674,1011,27,74,12,9130,25],"class_list":{"0":"post-59064","1":"post","2":"type-post","3":"status-publish","4":"format-standard","5":"has-post-thumbnail","7":"category-europe","8":"tag-actualites","9":"tag-ameriques","10":"tag-economie","11":"tag-eu","12":"tag-europe","13":"tag-fr","14":"tag-france","15":"tag-monde","16":"tag-news","17":"tag-politique-economique","18":"tag-republique-francaise"},"share_on_mastodon":{"url":"https:\/\/pubeurope.com\/@fr\/114415251451961271","error":""},"_links":{"self":[{"href":"https:\/\/www.europesays.com\/fr\/wp-json\/wp\/v2\/posts\/59064","targetHints":{"allow":["GET"]}}],"collection":[{"href":"https:\/\/www.europesays.com\/fr\/wp-json\/wp\/v2\/posts"}],"about":[{"href":"https:\/\/www.europesays.com\/fr\/wp-json\/wp\/v2\/types\/post"}],"author":[{"embeddable":true,"href":"https:\/\/www.europesays.com\/fr\/wp-json\/wp\/v2\/users\/2"}],"replies":[{"embeddable":true,"href":"https:\/\/www.europesays.com\/fr\/wp-json\/wp\/v2\/comments?post=59064"}],"version-history":[{"count":0,"href":"https:\/\/www.europesays.com\/fr\/wp-json\/wp\/v2\/posts\/59064\/revisions"}],"wp:featuredmedia":[{"embeddable":true,"href":"https:\/\/www.europesays.com\/fr\/wp-json\/wp\/v2\/media\/59065"}],"wp:attachment":[{"href":"https:\/\/www.europesays.com\/fr\/wp-json\/wp\/v2\/media?parent=59064"}],"wp:term":[{"taxonomy":"category","embeddable":true,"href":"https:\/\/www.europesays.com\/fr\/wp-json\/wp\/v2\/categories?post=59064"},{"taxonomy":"post_tag","embeddable":true,"href":"https:\/\/www.europesays.com\/fr\/wp-json\/wp\/v2\/tags?post=59064"}],"curies":[{"name":"wp","href":"https:\/\/api.w.org\/{rel}","templated":true}]}}