{"id":590647,"date":"2025-12-10T12:29:29","date_gmt":"2025-12-10T12:29:29","guid":{"rendered":"https:\/\/www.europesays.com\/fr\/590647\/"},"modified":"2025-12-10T12:29:29","modified_gmt":"2025-12-10T12:29:29","slug":"le-festival-place-en-liquidation-judiciaire-2","status":"publish","type":"post","link":"https:\/\/www.europesays.com\/fr\/590647\/","title":{"rendered":"le festival plac\u00e9 en liquidation judiciaire"},"content":{"rendered":"<p class=\"content\" style=\"font-size:1.2em;font-weight:700\">Mardi 9 d\u00e9cembre, le tribunal de commerce de Lyon a prononc\u00e9 la liquidation judiciaire du festival de rap et \u00e9lectro Woodstower. <\/p>\n<p>Il n&rsquo;y aura pas de nouvelle \u00e9dition du festival Woodstower. Faute de repreneurs, le festival lyonnais a \u00e9t\u00e9 plac\u00e9 en liquidation judiciaire par le tribunal de commerce de Lyon mardi 9 d\u00e9cembre, relatent nos confr\u00e8res de <a href=\"https:\/\/www.bfmtv.com\/lyon\/replay-emissions\/bonsoir-lyon\/video-woodstower-place-en-liquidation-judiciaire_VN-202512090892.html\" rel=\"nofollow noopener\" target=\"_blank\">BFM Lyon<\/a>.<\/p>\n<p>En redressement judiciaire depuis le 9 septembre dernier, le festival de moins en moins fr\u00e9quent\u00e9 n&rsquo;\u00e9tait pas parvenu \u00e0 trouver un nouveau repreneur. Dans un premier temps, deux int\u00e9ress\u00e9s s&rsquo;\u00e9taient pourtant prononc\u00e9s. Le premier, le groupe de presse Rosebud (Tribune de Lyon), s&rsquo;\u00e9tait retir\u00e9 face aux risques financiers de l&rsquo;op\u00e9ration. Le second, un groupement de Ninkasi, Nomad Kitchens et IzyPay, s&rsquo;\u00e9tait retir\u00e9 mi-novembre, apr\u00e8s ne pas avoir r\u00e9ussi \u00e0 trouver un accord avec le directeur de l&rsquo;\u00e9v\u00e9nement. <\/p>\n<p>Les \u00e9quipes avaient \u00e9galement pris trop de retard pour organiser une \u00e9dition 2026 assez rentable. Pr\u00e9vu dans un peu moins de sept mois, l&rsquo;\u00e9v\u00e9nement aurait encore alourdi sa dette en organisant des festivit\u00e9s de derni\u00e8res minutes.<\/p>\n<p><strong>Lire aussi : <\/strong><a href=\"https:\/\/www.lyoncapitale.fr\/culture\/a-lyon-les-repreneurs-potentiels-de-woodstower-se-retirent\" target=\"_blank\" rel=\"noopener\">\u00c0 Lyon, les repreneurs potentiels de Woodstower se retirent<\/a><\/p>\n","protected":false},"excerpt":{"rendered":"Mardi 9 d\u00e9cembre, le tribunal de commerce de Lyon a prononc\u00e9 la liquidation judiciaire du festival de rap&hellip;\n","protected":false},"author":2,"featured_media":590648,"comment_status":"","ping_status":"","sticky":false,"template":"","format":"standard","meta":{"footnotes":""},"categories":[1889],"tags":[1111,11,2430,1777,674,1011,27,2428,12,25],"class_list":{"0":"post-590647","1":"post","2":"type-post","3":"status-publish","4":"format-standard","5":"has-post-thumbnail","7":"category-lyon","8":"tag-actu","9":"tag-actualites","10":"tag-auvergne-rhone-alpes","11":"tag-eu","12":"tag-europe","13":"tag-fr","14":"tag-france","15":"tag-lyon","16":"tag-news","17":"tag-republique-francaise"},"share_on_mastodon":{"url":"https:\/\/pubeurope.com\/@fr\/115695279367010108","error":""},"_links":{"self":[{"href":"https:\/\/www.europesays.com\/fr\/wp-json\/wp\/v2\/posts\/590647","targetHints":{"allow":["GET"]}}],"collection":[{"href":"https:\/\/www.europesays.com\/fr\/wp-json\/wp\/v2\/posts"}],"about":[{"href":"https:\/\/www.europesays.com\/fr\/wp-json\/wp\/v2\/types\/post"}],"author":[{"embeddable":true,"href":"https:\/\/www.europesays.com\/fr\/wp-json\/wp\/v2\/users\/2"}],"replies":[{"embeddable":true,"href":"https:\/\/www.europesays.com\/fr\/wp-json\/wp\/v2\/comments?post=590647"}],"version-history":[{"count":0,"href":"https:\/\/www.europesays.com\/fr\/wp-json\/wp\/v2\/posts\/590647\/revisions"}],"wp:featuredmedia":[{"embeddable":true,"href":"https:\/\/www.europesays.com\/fr\/wp-json\/wp\/v2\/media\/590648"}],"wp:attachment":[{"href":"https:\/\/www.europesays.com\/fr\/wp-json\/wp\/v2\/media?parent=590647"}],"wp:term":[{"taxonomy":"category","embeddable":true,"href":"https:\/\/www.europesays.com\/fr\/wp-json\/wp\/v2\/categories?post=590647"},{"taxonomy":"post_tag","embeddable":true,"href":"https:\/\/www.europesays.com\/fr\/wp-json\/wp\/v2\/tags?post=590647"}],"curies":[{"name":"wp","href":"https:\/\/api.w.org\/{rel}","templated":true}]}}