{"id":590654,"date":"2025-12-10T12:34:19","date_gmt":"2025-12-10T12:34:19","guid":{"rendered":"https:\/\/www.europesays.com\/fr\/590654\/"},"modified":"2025-12-10T12:34:19","modified_gmt":"2025-12-10T12:34:19","slug":"on-sait-quand-lupin-revient-pour-une-saison-4","status":"publish","type":"post","link":"https:\/\/www.europesays.com\/fr\/590654\/","title":{"rendered":"on sait quand Lupin revient pour une saison 4"},"content":{"rendered":"<p>Trois ans apr\u00e8s la saison 3, Omar Sy s\u2019appr\u00eate \u00e0 faire son grand retour dans la peau d\u2019Assane Diop. Netflix vient en effet d\u2019annoncer sur ses r\u00e9seaux que la Partie 4 de Lupin reviendra \u00e0 l\u2019automne 2026. Les fans vont donc devoir patienter encore plusieurs mois avant de conna\u00eetre le sort du gentleman cambrioleur.\u00a0<\/p>\n<p>Pour rappel, apr\u00e8s le vol de la perle noire, Assane avait accept\u00e9 de se rendre \u00e0 la police. Une fois en prison, il recevait une enveloppe de son myst\u00e9rieux voisin de cellule : \u00e0 l\u2019int\u00e9rieur, une photo de lui, ado, tenant un roman de Maurice Leblanc, La Cagliostro se venge. Cet autre prisonnier, c\u2019est en r\u00e9alit\u00e9 Hubert Pellegrini.<\/p>\n<p>Pour cette saison 4, on peut parier qu\u2019Assane ne restera pas trop longtemps derri\u00e8re les barreaux. Omar Sy continue en tout cas de partager l\u2019affiche avec Ludivine Sagnier, Antoine Gouy, Soufiane Guerrab, Shirine Boutella, Th\u00e9o Christine et La\u00efka Blanc-Francard.<\/p>\n","protected":false},"excerpt":{"rendered":"Trois ans apr\u00e8s la saison 3, Omar Sy s\u2019appr\u00eate \u00e0 faire son grand retour dans la peau d\u2019Assane&hellip;\n","protected":false},"author":2,"featured_media":590655,"comment_status":"","ping_status":"","sticky":false,"template":"","format":"standard","meta":{"footnotes":""},"categories":[1888],"tags":[11,1777,674,1011,27,12,626,1970,25],"class_list":{"0":"post-590654","1":"post","2":"type-post","3":"status-publish","4":"format-standard","5":"has-post-thumbnail","7":"category-paris","8":"tag-actualites","9":"tag-eu","10":"tag-europe","11":"tag-fr","12":"tag-france","13":"tag-news","14":"tag-paris","15":"tag-pop-culture","16":"tag-republique-francaise"},"share_on_mastodon":{"url":"https:\/\/pubeurope.com\/@fr\/115695299099098641","error":""},"_links":{"self":[{"href":"https:\/\/www.europesays.com\/fr\/wp-json\/wp\/v2\/posts\/590654","targetHints":{"allow":["GET"]}}],"collection":[{"href":"https:\/\/www.europesays.com\/fr\/wp-json\/wp\/v2\/posts"}],"about":[{"href":"https:\/\/www.europesays.com\/fr\/wp-json\/wp\/v2\/types\/post"}],"author":[{"embeddable":true,"href":"https:\/\/www.europesays.com\/fr\/wp-json\/wp\/v2\/users\/2"}],"replies":[{"embeddable":true,"href":"https:\/\/www.europesays.com\/fr\/wp-json\/wp\/v2\/comments?post=590654"}],"version-history":[{"count":0,"href":"https:\/\/www.europesays.com\/fr\/wp-json\/wp\/v2\/posts\/590654\/revisions"}],"wp:featuredmedia":[{"embeddable":true,"href":"https:\/\/www.europesays.com\/fr\/wp-json\/wp\/v2\/media\/590655"}],"wp:attachment":[{"href":"https:\/\/www.europesays.com\/fr\/wp-json\/wp\/v2\/media?parent=590654"}],"wp:term":[{"taxonomy":"category","embeddable":true,"href":"https:\/\/www.europesays.com\/fr\/wp-json\/wp\/v2\/categories?post=590654"},{"taxonomy":"post_tag","embeddable":true,"href":"https:\/\/www.europesays.com\/fr\/wp-json\/wp\/v2\/tags?post=590654"}],"curies":[{"name":"wp","href":"https:\/\/api.w.org\/{rel}","templated":true}]}}