{"id":590663,"date":"2025-12-10T12:39:12","date_gmt":"2025-12-10T12:39:12","guid":{"rendered":"https:\/\/www.europesays.com\/fr\/590663\/"},"modified":"2025-12-10T12:39:12","modified_gmt":"2025-12-10T12:39:12","slug":"jordan-bardella-et-nigel-farage-une-alliance-patriotique-au-dessus-de-la-manche-pour-lutter-contre-limmigration","status":"publish","type":"post","link":"https:\/\/www.europesays.com\/fr\/590663\/","title":{"rendered":"Jordan Bardella et Nigel Farage, une \u00aballiance patriotique\u00bb au-dessus de la Manche pour lutter contre l\u2019immigration"},"content":{"rendered":"<p>\n    <strong>R\u00c9CIT<\/strong> &#8211; Le pr\u00e9sident du Rassemblement national a rencontr\u00e9 le dirigeant de Reform UK \u00e0 Londres, rompant avec une attitude de m\u00e9fiance entre les deux formations.<\/p>\n<p class=\"fig-paragraph\">Leurs chemins ne s\u2019\u00e9taient jamais crois\u00e9s mais les courbes de leurs sondages sont parall\u00e8les et leur permettent de r\u00eaver aux sommets du pouvoir. Jordan Bardella et Nigel Farage se sont rencontr\u00e9s \u00e0 Londres, pour discuter d\u2019un projet d\u2019alliance patriotique visant \u00e0 remodeler l\u2019Europe et \u00e0 mettre en \u0153uvre ensemble\u00a0<a href=\"http:\/\/www.lefigaro.fr\/international\/au-royaume-uni-une-reforme-historique-pour-lutter-contre-l-immigration-irreguliere-20251117\" data-fig-type=\"Article\" data-gtm-custom-categorie=\"navigation\" data-gtm-custom-action=\"crossclick\" data-gtm-custom-label=\"Contextuel\" data-gtm-event=\"customEventSPE\" data-fig-domain=\"LEFIGARO\" target=\"_blank\" rel=\"noopener\">une r\u00e9forme radicale de l\u2019immigration<\/a>.<\/p>\n<p class=\"fig-paragraph\">Le leader de Reform UK et le pr\u00e9sident du Rassemblement national (RN) ne sont pas de la m\u00eame g\u00e9n\u00e9ration &#8211; l\u2019Anglais a 61 ans quand le Fran\u00e7ais en a 30 &#8211; mais affirment partager une m\u00eame vision. \u00ab M\u00eame si la Grande-Bretagne ne fait plus partie de l\u2019Union europ\u00e9enne, je consid\u00e8re Nigel Farage comme un grand patriote qui a toujours d\u00e9fendu les int\u00e9r\u00eats de la Grande-Bretagne et du peuple britannique\u00a0\u00bb, a confi\u00e9 Bardella, dans un entretien avec le\u00a0<a href=\"https:\/\/www.telegraph.co.uk\/news\/2025\/12\/09\/jordan-bardella-nigel-farage-i-restore-borders\/\" target=\"_blank\" rel=\"noopener\" data-gtm-custom-categorie=\"navigation\" data-gtm-custom-action=\"crossclick\" data-gtm-custom-label=\"Contextuel\" data-gtm-event=\"customEventSPE\">Daily Telegraph<\/a> . Bardella, qui voit en Farage \u00ab un pionnier\u00a0\u00bb, estime que le dirigeant de Reform UK sera le \u00ab prochain premier ministre\u00a0\u00bb.<\/p>\n<p class=\"fig-paragraph\">Le Fran\u00e7ais a trouv\u00e9 l\u2019Anglais \u00ab \u00e9l\u00e9gant et cultiv\u00e9\u00a0\u00bb<\/p>\n<p class=\"fig-premium-paywall__infos\">\n        Cet article est r\u00e9serv\u00e9 aux abonn\u00e9s.        Il vous reste 79% \u00e0 d\u00e9couvrir.\n    <\/p>\n<p>                <img  data- alt=\"Le Figaro\" class=\"fig-img--complete fig-img\"\/><\/p>\n<p class=\"fig-premium-paywall__title\">Vente Flash<\/p>\n<p class=\"fig-premium-paywall__subtitle\">-50% sur l&rsquo;abonnement num\u00e9rique<\/p>\n<p class=\"fig-premium-paywall__connect\">\n                D\u00e9j\u00e0 abonn\u00e9\u00a0?                <a class=\"fig-premium-paywall__connect-link\" href=\"https:\/\/connect.lefigaro.fr\/login?client=horizon_web&amp;type=main&amp;redirect_uri=https%3A%2F%2Fwww.lefigaro.fr%2Finternational%2Fjordan-bardella-et-nigel-farage-une-alliance-patriotique-au-dessus-de-la-manche-pour-lutter-contre-l-immigration-20251210\" data-js-gtm=\"{&quot;customCategorie&quot;: &quot;conversion&quot;, &quot;customAction&quot;: &quot;before_Landing_Connexion_paywall_auto&quot;, &quot;customLabel&quot;: &quot;bGVmaWdhcm8uZnJfXzFmMGQ1YmVmLWVjZWMtNjUzNi04NTg1LTVkNzZhNzk4NTE4Ml9fQXJ0aWNsZQ==_Jordan Bardella et Nigel Farage, une \u00aballiance patriotique\u00bb au-dessus de la Manche pour lutter contre l\u2019immigration_47&quot;, &quot;customIDSPE&quot;: &quot;bGVmaWdhcm8uZnJfXzFmMGQ1YmVmLWVjZWMtNjUzNi04NTg1LTVkNzZhNzk4NTE4Ml9fQXJ0aWNsZQ==&quot;, &quot;event&quot;: &quot;customEventSPE&quot;}\" target=\"_blank\" rel=\"noopener\"><br \/>\n                    Connectez-vous<br \/>\n                <\/a>\n            <\/p>\n","protected":false},"excerpt":{"rendered":"R\u00c9CIT &#8211; Le pr\u00e9sident du Rassemblement national a rencontr\u00e9 le dirigeant de Reform UK \u00e0 Londres, rompant avec&hellip;\n","protected":false},"author":2,"featured_media":590664,"comment_status":"","ping_status":"","sticky":false,"template":"","format":"standard","meta":{"footnotes":""},"categories":[1588],"tags":[11,1777,674,1061,1077,12,10669,473,1853,1851,1850,1852],"class_list":{"0":"post-590663","1":"post","2":"type-post","3":"status-publish","4":"format-standard","5":"has-post-thumbnail","7":"category-royaume-uni","8":"tag-actualites","9":"tag-eu","10":"tag-europe","11":"tag-immigration","12":"tag-jordan-bardella","13":"tag-news","14":"tag-nigel-farage","15":"tag-royaume-uni","16":"tag-royaume-uni-de-grande-bretagne-et-dirlande-du-nord","17":"tag-uk","18":"tag-united-kingdom","19":"tag-united-kingdom-of-great-britain-and-northern-ireland"},"share_on_mastodon":{"url":"https:\/\/pubeurope.com\/@fr\/115695318764125767","error":""},"_links":{"self":[{"href":"https:\/\/www.europesays.com\/fr\/wp-json\/wp\/v2\/posts\/590663","targetHints":{"allow":["GET"]}}],"collection":[{"href":"https:\/\/www.europesays.com\/fr\/wp-json\/wp\/v2\/posts"}],"about":[{"href":"https:\/\/www.europesays.com\/fr\/wp-json\/wp\/v2\/types\/post"}],"author":[{"embeddable":true,"href":"https:\/\/www.europesays.com\/fr\/wp-json\/wp\/v2\/users\/2"}],"replies":[{"embeddable":true,"href":"https:\/\/www.europesays.com\/fr\/wp-json\/wp\/v2\/comments?post=590663"}],"version-history":[{"count":0,"href":"https:\/\/www.europesays.com\/fr\/wp-json\/wp\/v2\/posts\/590663\/revisions"}],"wp:featuredmedia":[{"embeddable":true,"href":"https:\/\/www.europesays.com\/fr\/wp-json\/wp\/v2\/media\/590664"}],"wp:attachment":[{"href":"https:\/\/www.europesays.com\/fr\/wp-json\/wp\/v2\/media?parent=590663"}],"wp:term":[{"taxonomy":"category","embeddable":true,"href":"https:\/\/www.europesays.com\/fr\/wp-json\/wp\/v2\/categories?post=590663"},{"taxonomy":"post_tag","embeddable":true,"href":"https:\/\/www.europesays.com\/fr\/wp-json\/wp\/v2\/tags?post=590663"}],"curies":[{"name":"wp","href":"https:\/\/api.w.org\/{rel}","templated":true}]}}