{"id":590671,"date":"2025-12-10T12:43:19","date_gmt":"2025-12-10T12:43:19","guid":{"rendered":"https:\/\/www.europesays.com\/fr\/590671\/"},"modified":"2025-12-10T12:43:19","modified_gmt":"2025-12-10T12:43:19","slug":"publiee-par-erreur-et-sans-verification-litineraire-de-la-video-polemique-de-brigitte-macron","status":"publish","type":"post","link":"https:\/\/www.europesays.com\/fr\/590671\/","title":{"rendered":"publi\u00e9e \u00ab\u00a0par erreur\u00a0\u00bb et \u00ab\u00a0sans v\u00e9rification\u00a0\u00bb, l&rsquo;itin\u00e9raire de la vid\u00e9o pol\u00e9mique de Brigitte Macron"},"content":{"rendered":"<p class=\"article-p mdl\">Mais comment la vid\u00e9o dans laquelle Brigitte Macron insulte des militantes f\u00e9ministes de \u00ab\u00a0sales connes\u00a0\u00bb ayant interrompu un spectacle de l&rsquo;humoriste Ary Abittan a-t-elle pu se retrouver en ligne ? C&rsquo;est l&rsquo;histoire d&rsquo;une petite vid\u00e9o qui devait servir de vitrine \u00ab\u00a0people\u00a0\u00bb. Un petit film promotionnel tourn\u00e9 en coulisse par des amis paparazzis. La s\u00e9quence a \u00e9t\u00e9 envoy\u00e9e machinalement au service vid\u00e9o d&rsquo;une agence de communication. Une vid\u00e9o \u00ab\u00a0balanc\u00e9e en vrac\u00a0\u00bb sans v\u00e9rification. Personne, initialement, n&rsquo;a tendu l&rsquo;oreille&#8230;<\/p>\n<p class=\"article-p mdl\">Dans la soir\u00e9e du 7 d\u00e9cembre, aux Folies Berg\u00e8re,\u00a0<a class=\"link\" href=\"https:\/\/www.rtl.fr\/culture\/medias-people\/brigitte-macron-qualifie-de-sales-connes-les-militantes-feministes-qui-ont-interrompu-le-spectacle-d-ary-abittan-7900575441\" title=\"Brigitte Macron qualifie de &quot;sales connes&quot; les militantes f\u00e9ministes qui ont interrompu le spectacle d&#039;Ary Abittan\" target=\"_blank\" rel=\"noopener\">Brigitte Macron \u00e9tait pr\u00e9sente<\/a>\u00a0avec sa fille Tiphaine Auzi\u00e8re. Autour d&rsquo;eux \u00e9taient aussi pr\u00e9sents le com\u00e9dien Ary Abittan, l&rsquo;ancien Premier ministre Manuel Valls, et l&rsquo;animateur de t\u00e9l\u00e9vision Bernard Montiel. Dans ce genre de soir\u00e9es mondaines, un photographe vid\u00e9aste de l&rsquo;agence Bestimage \u00e9tait pr\u00e9sent, il ne se cachait pas : <strong>sa pr\u00e9sence \u00e9tait pr\u00e9vue et tol\u00e9r\u00e9e<\/strong>.<\/p>\n<p>            L&rsquo;agence n&rsquo;a pas pr\u00eat\u00e9 attention au son de la vid\u00e9o<\/p>\n<p class=\"article-p mdl\">Selon\u00a0<a class=\"link\" href=\"https:\/\/www.leparisien.fr\/culture-loisirs\/tv\/le-sales-connes-de-brigitte-macron-les-coulisses-dune-video-polemique-devoilee-par-erreur-09-12-2025-I6TOFU5WSJG6FK5J6B2KR5UUZU.php\" target=\"_blank\" rel=\"noopener\">Le Parisien<\/a>, le photographe faisait son travail. Il prenait des photos, a capt\u00e9 une vingtaine de s\u00e9quences vid\u00e9o et a envoy\u00e9 le tout \u00e0 son agence. Lorsque les images concernent Brigitte Macron, la v\u00e9rification est normalement optimale. La patronne de Bestimage, Mimi Marchand, est une proche de l&rsquo;\u00e9pouse du pr\u00e9sident. Ce soir-l\u00e0, elle \u00e9tait absente.<\/p>\n<p class=\"article-p mdl\">De son c\u00f4t\u00e9, l&rsquo;agence a expliqu\u00e9 avoir \u00ab\u00a0v\u00e9rifi\u00e9 la qualit\u00e9 des images, celle des visages des personnalit\u00e9s film\u00e9es, mais <strong>sans faire attention au son ou \u00e0 ce qu&rsquo;ils disaient<\/strong>\u00ab\u00a0. Cinq vid\u00e9os ont \u00e9t\u00e9 vendues \u00e0 Paris Match, une vid\u00e9o \u00e0 Closer et la vid\u00e9o pol\u00e9mique, au magazine Public, qui a publi\u00e9 la s\u00e9quence sur les r\u00e9seaux sociaux.\u00a0<\/p>\n<p class=\"article-p mdl\">Lorsque Bestimage s&rsquo;aper\u00e7oit des propos tenus par Brigitte Macron, <strong>l&rsquo;agence demande le retrait de la vid\u00e9o<\/strong>. Le magazine Public s&rsquo;ex\u00e9cute, mais c&rsquo;est d\u00e9j\u00e0 trop tard. Le monde entier en parle, avec d&rsquo;ailleurs quelques prises de t\u00eate pour traduire les propos de la Premi\u00e8re dame. Les journaux asiatiques mentionnent des \u00ab\u00a0remarques d\u00e9nigrantes\u00a0\u00bb. Certaines agences \u00e9voquent des \u00ab\u00a0insultes sexistes\u00a0\u00bb. Avec moins de pudeur, la BBC a opt\u00e9 pour \u00ab\u00a0stupid bitches\u00a0\u00bb, le Sun pour la variante \u00ab\u00a0dirty bitches\u00a0\u00bb et El Pais, en Espagne, pour \u00ab\u00a0gilipollas de mierda\u00a0\u00bb. Le journal italien La Repubblica a, quant \u00e0 lui, choisi \u00ab\u00a0Brutte stronze\u00a0\u00bb. La pol\u00e9mique est aussi devenue, en quarante-huit heures, un casse-t\u00eate de traducteurs.<\/p>\n<p>    La r\u00e9daction vous recommande<\/p>\n<p class=\"s-newsletter__title\">\n                L\u2019actualit\u00e9 par la r\u00e9daction de RTL dans votre bo\u00eete mail.\n            <\/p>\n<p class=\"s-newsletter__subtitle\">\n                Gr\u00e2ce \u00e0 votre compte RTL abonnez-vous \u00e0 la newsletter RTL info pour suivre toute l&rsquo;actualit\u00e9 au quotidien\n            <\/p>\n<p>\n                                    Lire la suite\n                                <\/p>\n","protected":false},"excerpt":{"rendered":"Mais comment la vid\u00e9o dans laquelle Brigitte Macron insulte des militantes f\u00e9ministes de \u00ab\u00a0sales connes\u00a0\u00bb ayant interrompu un&hellip;\n","protected":false},"author":2,"featured_media":590672,"comment_status":"","ping_status":"","sticky":false,"template":"","format":"standard","meta":{"footnotes":""},"categories":[2],"tags":[11,19796,986,3483,6757,107,1011,27,12,1062,362,25],"class_list":{"0":"post-590671","1":"post","2":"type-post","3":"status-publish","4":"format-standard","5":"has-post-thumbnail","7":"category-actualites","8":"tag-actualites","9":"tag-ary-abittan","10":"tag-brigitte-macron","11":"tag-extrait","12":"tag-feminisme","13":"tag-fil-info","14":"tag-fr","15":"tag-france","16":"tag-news","17":"tag-polemique","18":"tag-replay","19":"tag-republique-francaise"},"share_on_mastodon":{"url":"https:\/\/pubeurope.com\/@fr\/115695334608509223","error":""},"_links":{"self":[{"href":"https:\/\/www.europesays.com\/fr\/wp-json\/wp\/v2\/posts\/590671","targetHints":{"allow":["GET"]}}],"collection":[{"href":"https:\/\/www.europesays.com\/fr\/wp-json\/wp\/v2\/posts"}],"about":[{"href":"https:\/\/www.europesays.com\/fr\/wp-json\/wp\/v2\/types\/post"}],"author":[{"embeddable":true,"href":"https:\/\/www.europesays.com\/fr\/wp-json\/wp\/v2\/users\/2"}],"replies":[{"embeddable":true,"href":"https:\/\/www.europesays.com\/fr\/wp-json\/wp\/v2\/comments?post=590671"}],"version-history":[{"count":0,"href":"https:\/\/www.europesays.com\/fr\/wp-json\/wp\/v2\/posts\/590671\/revisions"}],"wp:featuredmedia":[{"embeddable":true,"href":"https:\/\/www.europesays.com\/fr\/wp-json\/wp\/v2\/media\/590672"}],"wp:attachment":[{"href":"https:\/\/www.europesays.com\/fr\/wp-json\/wp\/v2\/media?parent=590671"}],"wp:term":[{"taxonomy":"category","embeddable":true,"href":"https:\/\/www.europesays.com\/fr\/wp-json\/wp\/v2\/categories?post=590671"},{"taxonomy":"post_tag","embeddable":true,"href":"https:\/\/www.europesays.com\/fr\/wp-json\/wp\/v2\/tags?post=590671"}],"curies":[{"name":"wp","href":"https:\/\/api.w.org\/{rel}","templated":true}]}}