{"id":590675,"date":"2025-12-10T12:45:28","date_gmt":"2025-12-10T12:45:28","guid":{"rendered":"https:\/\/www.europesays.com\/fr\/590675\/"},"modified":"2025-12-10T12:45:28","modified_gmt":"2025-12-10T12:45:28","slug":"le-president-des-miss-france-reagit-aux-insultes-de-miss-provence-et-miss-aquitaine","status":"publish","type":"post","link":"https:\/\/www.europesays.com\/fr\/590675\/","title":{"rendered":"le pr\u00e9sident des Miss France r\u00e9agit aux insultes de Miss Provence et Miss Aquitaine"},"content":{"rendered":"<p class=\"article-p mdl\">D\u00e9but de r\u00e8gne compliqu\u00e9 pour Miss France 2026,\u00a0Hinaupoko Dev\u00e8ze, mais aussi pour toute la soci\u00e9t\u00e9 \u00e9ponyme. Depuis dimanche 7 d\u00e9cembre, le comit\u00e9 Miss France tente de se d\u00e9p\u00eatrer d&rsquo;une pol\u00e9mique d\u00e9clench\u00e9e apr\u00e8s la publication, sur les r\u00e9seaux sociaux, d&rsquo;une vid\u00e9o o\u00f9 l&rsquo;on voit Miss Provence et Miss Aquitaine insulter les candidates s\u00e9lectionn\u00e9es dans Top 12 du concours.\u00a0<a class=\"link\" href=\"https:\/\/www.rtl.fr\/culture\/medias-people\/miss-france-2026-julie-zitouni-et-ainhoa-lahitete-destituees-de-leurs-titres-de-miss-provence-et-miss-aquitaine-apres-des-propos-injurieux-7900575636\" target=\"_blank\" rel=\"noopener\">Les deux jeunes femmes ont, depuis ce mardi, \u00e9t\u00e9 destitu\u00e9es<\/a>\u00a0par leurs comit\u00e9s r\u00e9gionaux respectifs.<\/p>\n<p class=\"article-p mdl\">Dans un entretien accord\u00e9 au journal\u00a0<a class=\"link\" href=\"https:\/\/www.leparisien.fr\/culture-loisirs\/miss-france\/une-video-affligeante-le-president-des-miss-france-reagit-apres-les-destitutions-des-provence-et-aquitaine-09-12-2025-BG4MOHPIARHRXPS4OI6CPVU6CI.php#:~:text=Alors%20que%20le%20pr%C3%A9sident%20de,Top%2012%20de%20l%27%C3%A9lection.\" target=\"_blank\" rel=\"noopener\">Le Parisien<\/a>,\u00a0Fr\u00e9d\u00e9ric Gilbert, pr\u00e9sident de la soci\u00e9t\u00e9 Miss France, assure ne pas \u00eatre \u00e9tonn\u00e9 par la d\u00e9cision prise par les comit\u00e9s r\u00e9gionaux, \u00ab\u00a0vu l\u2019ampleur de la pol\u00e9mique, vu les propos qui ont \u00e9t\u00e9 tenus\u00a0\u00bb. \u00ab\u00a0On peut commettre des erreurs, \u00eatre d\u00e9\u00e7us de ne pas \u00eatre dans le Top 12, mais l\u00e0,\u00a0<a class=\"link\" href=\"https:\/\/www.rtl.fr\/culture\/medias-people\/miss-france-2026-elles-ont-de-la-chance-que-je-ne-sois-plus-la-sylvie-tellier-reagit-aux-insultes-de-miss-provence-et-miss-aquitaine-7900575202\" target=\"_blank\" rel=\"noopener\">les propos tenus sont quand m\u00eame assez violents<\/a>\u00ab\u00a0, ajoute-t-il.<\/p>\n<p class=\"article-p mdl\">Fr\u00e9d\u00e9ric Gilbert est d&rsquo;autant plus agac\u00e9 puisque le comit\u00e9 avait, cette ann\u00e9e, \u00ab\u00a0particuli\u00e8rement mis l\u2019accent sur le respect, la bienveillance\u00a0\u00bb. \u00ab\u00a0On leur a quand m\u00eame fait tout un discours sur les r\u00e9seaux sociaux, qu\u2019il fallait faire attention \u00e0 ce qu\u2019on mettait, et on a \u00e9norm\u00e9ment parl\u00e9 de cyber-harc\u00e8lement. Et cette vid\u00e9o va compl\u00e8tement \u00e0 l\u2019encontre de tout ce que nous, on a pu dire ou de m\u00eame de ce que repr\u00e9sente ce titre de Miss r\u00e9gionale pour Miss France\u00a0\u00bb.<\/p>\n<p>            Vers une interdiction des t\u00e9l\u00e9phones portables ?<\/p>\n<p class=\"article-p mdl\">Le patron de<a class=\"link\" href=\"https:\/\/www.rtl.fr\/culture\/medias-people\/miss-france-2026-les-plus-belles-photos-de-miss-tahiti-hinaupoko-deveze-7900574913\" target=\"_blank\" rel=\"noopener\"> Miss France<\/a>\u00a0reconna\u00eet avoir \u00e9t\u00e9 surpris par cette vid\u00e9o. \u00ab\u00a0Que tu estimes que telle Miss ne devrait pas \u00eatre dans le top douze plut\u00f4t que toi ou plut\u00f4t qu\u2019une de tes copines, c\u2019est ton point de vue, ton analyse personnelle. Mais de l\u00e0 \u00e0 tirer \u00e0 boulet rouge comme \u00e7a, je trouve qu\u2019il y a un manque de respect total\u00a0\u00bb, regrette-t-il.<\/p>\n<p class=\"article-p mdl\">Embourb\u00e9, malgr\u00e9 lui, dans la pol\u00e9mique, Fr\u00e9d\u00e9ric Gilbert r\u00e9fl\u00e9chit maintenant \u00e0 interdire le t\u00e9l\u00e9phone pour les Miss, notamment lors du concours. \u00ab\u00a0Je me pose la question. Si je l\u2019interdis pendant la c\u00e9r\u00e9monie, elles pourront faire \u00e7a le lendemain. Mais la question est ouverte. Forc\u00e9ment\u00a0\u00bb.<\/p>\n<p class=\"article-p mdl\">Dans une interview accord\u00e9e \u00e0 M6,\u00a0<a class=\"link\" href=\"https:\/\/www.rtl.fr\/culture\/medias-people\/miss-france-2026-hinaupoko-deveze-miss-tahiti-remporte-le-concours-7900574907\" target=\"_blank\" rel=\"noopener\">Hinaupoko Dev\u00e8ze<\/a>, Miss France 2026, a r\u00e9agi \u00e0 la pol\u00e9mique ce mardi. \u00ab\u00a0Il est vrai que je ne tol\u00e8re pas les propos irrespectueux, bien s\u00fbr. Apr\u00e8s, elles ont pr\u00e9sent\u00e9 leurs excuses, s&rsquo;en est suivi la sanction qui est tomb\u00e9e\u00a0\u00bb, a-t-elle d\u00e9clar\u00e9, avant d&rsquo;ajouter : \u00ab\u00a0<a class=\"link\" href=\"https:\/\/www.rtl.fr\/culture\/medias-people\/document-m6-j-aimerais-qu-on-aille-de-l-avant-miss-france-2026-reagit-pour-la-premiere-fois-a-la-destitution-de-deux-candidates-7900575680\" target=\"_blank\" rel=\"noopener\">J&rsquo;aimerais qu&rsquo;on n&rsquo;en rajoute pas des couches<\/a>. Les choses ont \u00e9t\u00e9 faites. J&rsquo;aimerais qu&rsquo;on aille de l&rsquo;avant et qu&rsquo;on tire un trait sur ce sujet qui ne me concerne pas\u00a0\u00bb.\u00a0<\/p>\n<p>    La r\u00e9daction vous recommande<\/p>\n<p class=\"s-newsletter__title\">\n                L\u2019actualit\u00e9 par la r\u00e9daction de RTL dans votre bo\u00eete mail.\n            <\/p>\n<p class=\"s-newsletter__subtitle\">\n                Gr\u00e2ce \u00e0 votre compte RTL abonnez-vous \u00e0 la newsletter RTL info pour suivre toute l&rsquo;actualit\u00e9 au quotidien\n            <\/p>\n<p>\n                                    Lire la suite\n                                <\/p>\n","protected":false},"excerpt":{"rendered":"D\u00e9but de r\u00e8gne compliqu\u00e9 pour Miss France 2026,\u00a0Hinaupoko Dev\u00e8ze, mais aussi pour toute la soci\u00e9t\u00e9 \u00e9ponyme. Depuis dimanche&hellip;\n","protected":false},"author":2,"featured_media":588463,"comment_status":"","ping_status":"","sticky":false,"template":"","format":"standard","meta":{"footnotes":""},"categories":[4],"tags":[11,2414,107,1011,27,310,3034,12,973,1062,25],"class_list":{"0":"post-590675","1":"post","2":"type-post","3":"status-publish","4":"format-standard","5":"has-post-thumbnail","7":"category-france","8":"tag-actualites","9":"tag-fil-culture","10":"tag-fil-info","11":"tag-fr","12":"tag-france","13":"tag-internet","14":"tag-miss-france","15":"tag-news","16":"tag-people","17":"tag-polemique","18":"tag-republique-francaise"},"share_on_mastodon":{"url":"https:\/\/pubeurope.com\/@fr\/115695342274778467","error":""},"_links":{"self":[{"href":"https:\/\/www.europesays.com\/fr\/wp-json\/wp\/v2\/posts\/590675","targetHints":{"allow":["GET"]}}],"collection":[{"href":"https:\/\/www.europesays.com\/fr\/wp-json\/wp\/v2\/posts"}],"about":[{"href":"https:\/\/www.europesays.com\/fr\/wp-json\/wp\/v2\/types\/post"}],"author":[{"embeddable":true,"href":"https:\/\/www.europesays.com\/fr\/wp-json\/wp\/v2\/users\/2"}],"replies":[{"embeddable":true,"href":"https:\/\/www.europesays.com\/fr\/wp-json\/wp\/v2\/comments?post=590675"}],"version-history":[{"count":0,"href":"https:\/\/www.europesays.com\/fr\/wp-json\/wp\/v2\/posts\/590675\/revisions"}],"wp:featuredmedia":[{"embeddable":true,"href":"https:\/\/www.europesays.com\/fr\/wp-json\/wp\/v2\/media\/588463"}],"wp:attachment":[{"href":"https:\/\/www.europesays.com\/fr\/wp-json\/wp\/v2\/media?parent=590675"}],"wp:term":[{"taxonomy":"category","embeddable":true,"href":"https:\/\/www.europesays.com\/fr\/wp-json\/wp\/v2\/categories?post=590675"},{"taxonomy":"post_tag","embeddable":true,"href":"https:\/\/www.europesays.com\/fr\/wp-json\/wp\/v2\/tags?post=590675"}],"curies":[{"name":"wp","href":"https:\/\/api.w.org\/{rel}","templated":true}]}}