{"id":590682,"date":"2025-12-10T12:53:14","date_gmt":"2025-12-10T12:53:14","guid":{"rendered":"https:\/\/www.europesays.com\/fr\/590682\/"},"modified":"2025-12-10T12:53:14","modified_gmt":"2025-12-10T12:53:14","slug":"quand-les-coureurs-de-red-bull-bora-hansgrohe-font-decoller-un-planeur-apres-lavoir-tracte-a-velo-lequipe","status":"publish","type":"post","link":"https:\/\/www.europesays.com\/fr\/590682\/","title":{"rendered":"Quand les coureurs de Red Bull-Bora-Hansgrohe font d\u00e9coller un planeur apr\u00e8s l&#039;avoir tract\u00e9 \u00e0 v\u00e9lo &#8211; L&#039;\u00c9quipe"},"content":{"rendered":"<ol>\n<li><a href=\"https:\/\/news.google.com\/rss\/articles\/CBMi8AFBVV95cUxNamtqN2VMSTV2b19KM3ZhbUh6c1ZOZXJIOTdDdFlBVEhnLTJvWFY5SGI1d1p2ZnpVSEZCbzRhUDV4Q0ZQMzQ2LXJMdVRoemtRX2JDUUp4TFhyMFdsUTRPMVczeTF2OHZnSkJSdkFQd1RXUVhNWV9JaFk1Vk1wOUNXeTF0c25weklYYjZCWnFjZjh0d2tfYUdHOEt5b0NqSVZ2a1ZqMy1VeVBlM1g5aHJTalFMc3lPcjltYUc5UDhTNGlWS1g2VlUzQnFvV1d2cVlYejNqd0R2Ny1VSWJJdlhHMzNTNUprUHdKdUNsVFRJeHM?oc=5\" target=\"_blank\" rel=\"noopener\">Quand les coureurs de Red Bull-Bora-Hansgrohe font d\u00e9coller un planeur apr\u00e8s l&rsquo;avoir tract\u00e9 \u00e0 v\u00e9lo<\/a>&nbsp;&nbsp;L&rsquo;\u00c9quipe<\/li>\n<li><a href=\"https:\/\/news.google.com\/rss\/articles\/CBMikgJBVV95cUxQMDViYTVDTVZzRUpqY3psM3FCbzRuTEJ5SUZuSUE0dzhmSW55S2ZncW5ldTJpVFhiTjg0WUNiQkR1ejV1N1FSQ3ZiWHdJV1NDNFN2aGRNT1lWQnZWTFYyUVBmQ2VhWUxEV3ZWYjBkQ1UzU2pVQ0xKRjllY3FEUDllYTlMdWtRRGp5Y1NXdHVsRFJGWEtOY0doakNIVmJsNm9xTFV1dE5hMHd2UG9qTmhrdFRCbzZoM0dyLV9HWHZUQkk2OGFEVmdUNFdQekhUUjExenJPcXN2WWlYbHk5bVR1b0thenY5NDRGOTZncUNOU2FUNHZ3RFJGMDA3eXI2RTBvUVc2OXdBaUlZZlA2SlVnVXpn?oc=5\" target=\"_blank\" rel=\"noopener\">Cyclisme: 6.500 watts, 100m d&rsquo;altitude&#8230; neuf coureurs de Red Bull-Bora-Hansgrohe font d\u00e9coller un avion \u00e0 la force de leurs jambes<\/a>&nbsp;&nbsp;RMC Sport<\/li>\n<li><a href=\"https:\/\/news.google.com\/rss\/articles\/CBMi5AFBVV95cUxOd1kwbDc4ZFQwbXI1a0VsSXkwaVlBM2ZpV2lzbWR0MUJFYVIwMGZqYkhDajBLQU5SM2NQVnJWRlhTV2diUWZ4NnAtMUcyVFZnbkhhdDhNLVJ0ZTNwZHpBY0R6YWFISG1mTWFLQ0d3UlNvTHFCVWNhdy1uMF9xLWd6SGZPNUwtX2t5MVpIZG5OVGQ4VVUyVEFIVWJNSjk3SXl5RE5VSFBfMEExclo0a1FXNWVNYllJeTlFU0hETnNwbHR0OHkxQ2s1TE1wV29abWg3bUk5cEpjN0ZhZEEtZGdRRVVfZy0?oc=5\" target=\"_blank\" rel=\"noopener\">Le d\u00e9fi compl\u00e8tement dingue de neuf cyclistes qui parviennent \u00e0 faire d\u00e9coller un avion<\/a>&nbsp;&nbsp;RMC Sport<\/li>\n<li><a href=\"https:\/\/news.google.com\/rss\/articles\/CBMi_wFBVV95cUxOSUJhOVJ3VFQwOXdoRnZqU0RtbFhPcTJFclVfZnZOZFNkOHhYUEEtcXNUbXZvT054X1dvYmRnWmU0UWZxX0h1c3RNUDRzOThfYTAyTjkyaGRjamhSV3lyTU94M1c1dE13LXpYaEM4UFZaNGJNSy1wWktQVEVzdG1tUE1KRUd1a09zeFVCbXc5VzNMQkpWVUhucHpMSjl2VEp4UTFCbHExOU1tVlAwRVlENVBCelhBRGREOEp4Vkx4VTRuaC1sbFNNbkgwUzZMMmNWTm1STVpuaGswd2FKVzF2eWFuWWlkRWU3OEEzdEswQzdUZ2hIOUk0VldnUXVKbWc?oc=5\" target=\"_blank\" rel=\"noopener\">VID\u00c9O. Quand l\u2019\u00e9quipe cycliste Red Bull Bora Hansgrohe fait d\u00e9coller un avion<\/a>&nbsp;&nbsp;Ouest-France<\/li>\n<li><a href=\"https:\/\/news.google.com\/rss\/articles\/CBMirAFBVV95cUxPTTM3U1FKa2UyblVTTFRtOHhuWkc4NjN5WHdDZEYxOFdhZGs0SVJldnhmeFVvbnZ0TkpDbXdydnZMY3FISmJkSno2QndoQk8yUlp6NG1reUlLM3N6OTB5RENPdEY3Z0habjlrV3lKb1VoeE4wNWZDOVB1djBUX1pPOEcxZ0Jra1d5Ukk2Ylk2UXp5R3d0TlZOOVAtakx3N2QwMDRSZ0txbngxczBM?oc=5\" target=\"_blank\" rel=\"noopener\">Des cyclistes font d\u00e9coller un planeur \u00e0 la force de leurs muscles \u00e0 Majorque<\/a>&nbsp;&nbsp;secuvelo<\/li>\n<\/ol>\n","protected":false},"excerpt":{"rendered":"Quand les coureurs de Red Bull-Bora-Hansgrohe font d\u00e9coller un planeur apr\u00e8s l&rsquo;avoir tract\u00e9 \u00e0 v\u00e9lo&nbsp;&nbsp;L&rsquo;\u00c9quipe Cyclisme: 6.500 watts,&hellip;\n","protected":false},"author":2,"featured_media":590683,"comment_status":"","ping_status":"","sticky":false,"template":"","format":"standard","meta":{"footnotes":""},"categories":[1411],"tags":[1154,207,1011,27,60],"class_list":{"0":"post-590682","1":"post","2":"type-post","3":"status-publish","4":"format-standard","5":"has-post-thumbnail","7":"category-cyclisme","8":"tag-cycling","9":"tag-cyclisme","10":"tag-fr","11":"tag-france","12":"tag-sports"},"share_on_mastodon":{"url":"https:\/\/pubeurope.com\/@fr\/115695373840171220","error":""},"_links":{"self":[{"href":"https:\/\/www.europesays.com\/fr\/wp-json\/wp\/v2\/posts\/590682","targetHints":{"allow":["GET"]}}],"collection":[{"href":"https:\/\/www.europesays.com\/fr\/wp-json\/wp\/v2\/posts"}],"about":[{"href":"https:\/\/www.europesays.com\/fr\/wp-json\/wp\/v2\/types\/post"}],"author":[{"embeddable":true,"href":"https:\/\/www.europesays.com\/fr\/wp-json\/wp\/v2\/users\/2"}],"replies":[{"embeddable":true,"href":"https:\/\/www.europesays.com\/fr\/wp-json\/wp\/v2\/comments?post=590682"}],"version-history":[{"count":0,"href":"https:\/\/www.europesays.com\/fr\/wp-json\/wp\/v2\/posts\/590682\/revisions"}],"wp:featuredmedia":[{"embeddable":true,"href":"https:\/\/www.europesays.com\/fr\/wp-json\/wp\/v2\/media\/590683"}],"wp:attachment":[{"href":"https:\/\/www.europesays.com\/fr\/wp-json\/wp\/v2\/media?parent=590682"}],"wp:term":[{"taxonomy":"category","embeddable":true,"href":"https:\/\/www.europesays.com\/fr\/wp-json\/wp\/v2\/categories?post=590682"},{"taxonomy":"post_tag","embeddable":true,"href":"https:\/\/www.europesays.com\/fr\/wp-json\/wp\/v2\/tags?post=590682"}],"curies":[{"name":"wp","href":"https:\/\/api.w.org\/{rel}","templated":true}]}}