{"id":590686,"date":"2025-12-10T12:55:13","date_gmt":"2025-12-10T12:55:13","guid":{"rendered":"https:\/\/www.europesays.com\/fr\/590686\/"},"modified":"2025-12-10T12:55:13","modified_gmt":"2025-12-10T12:55:13","slug":"lactrice-de-77-ans-tombee-dans-un-enorme-trou-en-ciment-ce-drame-a-failli-faire-basculer-sa-vie","status":"publish","type":"post","link":"https:\/\/www.europesays.com\/fr\/590686\/","title":{"rendered":"l&rsquo;actrice de 77 ans \u00ab\u00a0tomb\u00e9e dans un \u00e9norme trou en ciment\u00a0\u00bb, ce drame a failli faire basculer sa vie"},"content":{"rendered":"<p>Figure embl\u00e9matique du paysage audiovisuel fran\u00e7ais, Chantal<br \/>\nLadesou encha\u00eene les apparitions \u00e0 la t\u00e9l\u00e9vision. Dimanche 7<br \/>\nd\u00e9cembre 2025, elle \u00e9tait d\u00a0\u00bbailleurs l&rsquo;invit\u00e9e exceptionnelle de<br \/>\nFaustine Bollaert dans le dernier num\u00e9ro des Enfants de la<br \/>\nt\u00e9l\u00e9. Lors de son passage sur le plateau du c\u00e9l\u00e8bre programme,<br \/>\nla jur\u00e9e de Mask Singer n&rsquo;a pas manqu\u00e9 d&rsquo;\u00e9voquer un sujet<br \/>\nparticuli\u00e8rement intime : <a href=\"https:\/\/www.melty.fr\/people\/chantal-ladesou-mariee-depuis-50-ans-a-michel-ansault-son-aveu-sur-les-clubs-echangistes-2281059.html\" target=\"_blank\" rel=\"noopener\"><br \/>\nla long\u00e9vit\u00e9 de son couple avec Michel Ansault<\/a>. \u00ab\u00a0J\u2019ai<br \/>\nfailli le quitter apr\u00e8s dix ans de mariage tellement il \u00e9tait<br \/>\ndifficile \u00e0 vivre, nerveux, d\u00e9sagr\u00e9able. On a des caract\u00e8res tr\u00e8s<br \/>\nforts donc \u00e7a clashe beaucoup\u2026 Mais \u00e7a ne dure pas\u2009!\u00a0\u00bb,<br \/>\na-t-elle notamment r\u00e9v\u00e9l\u00e9. Des confidences qui ont suscit\u00e9 de vives<br \/>\nr\u00e9actions.<\/p>\n<p>Chantal Ladesou victime d&rsquo;une terrible chute<\/p>\n<p>Humoriste talentueuse, Chantal Ladesou n&rsquo;a pas seulement connu<br \/>\ndes moments heureux. Il y a plusieurs ann\u00e9es, sa vie a m\u00eame failli<br \/>\nvirer au drame apr\u00e8s une terrible chute dans un \u00e9norme trou.<br \/>\nInvit\u00e9e dans\u00a0En Apart\u00e9\u00a0sur Canal + en octobre<br \/>\n2022, l&rsquo;acolyte de Laurent Ruquier s&rsquo;\u00e9tait longuement confi\u00e9e sur<br \/>\ncette m\u00e9saventure.<\/p>\n<p>\u00ab\u00a0Je suis morte d&rsquo;ailleurs\u00a0\u00bb, avait-elle<br \/>\npr\u00e9cis\u00e9. \u00ab\u00a0Je suis tomb\u00e9e dans un trou \u00e9norme en ciment. Deux<br \/>\nescaliers comme \u00e7a. Et on croyait que j&rsquo;\u00e9tais morte et en fait non.<br \/>\nEt je me dis, il m&rsquo;arrive tellement de choses merveilleuses que je<br \/>\nsuis peut-\u00eatre morte\u00a0\u00bb.\u00a0Au cours de son entretien avec<br \/>\nNathalie Levy, Chantal Ladesou avait d&rsquo;ailleurs assur\u00e9 \u00eatre sortie<br \/>\ndu trou \u00ab\u00a0sans un bleu, rien du tout\u00a0\u00bb. Un v\u00e9ritable miracle<br \/>\n!<\/p>\n<p>La com\u00e9dienne de 77 ans endeuill\u00e9e par<br \/>\nla perte de son fils<\/p>\n<p>Si Chantal Ladesou a fr\u00f4l\u00e9 la mort apr\u00e8s sa chute dans un trou<br \/>\nde ciment, le drame le plus marquant de sa vie reste la perte<br \/>\ntragique de son fils a\u00een\u00e9, Alix, victime d&rsquo;un terrible accident de<br \/>\nvoiture. Un deuil dont la com\u00e9dienne ne s&rsquo;est jamais vraiment<br \/>\nremise. \u00ab\u00a0C&rsquo;est toujours en moi. C&rsquo;est-\u00e0-dire que j&rsquo;y pense tous<br \/>\nles jours. Mais la vie est l\u00e0, la famille est l\u00e0&#8230; Je l&rsquo;ai<br \/>\nsurmont\u00e9, mais je ne le supporte pas\u00a0\u00bb, avait-elle notamment<br \/>\nexpliqu\u00e9 lors de son passage dans l&rsquo;\u00e9mission<br \/>\nExtravagantes.<\/p>\n<p>\u00c0 l&rsquo;\u00e9poque, Chantal Ladesou avait m\u00eame qualifi\u00e9 ce moment de<br \/>\n\u00ab\u00a0tsunami&rsquo; dans son existence. Par chance, <a href=\"https:\/\/www.melty.fr\/people\/ca-ma-sauvee-apres-la-mort-de-son-fils-chantal-ladesou-confie-comment-elle-a-remonte-la-pente-2281645.html\" target=\"_blank\" rel=\"noopener\"><br \/>\nla septuag\u00e9naire avait pu compter sur le soutien de ses<br \/>\nproches<\/a>, particuli\u00e8rement de ses deux autres enfants : Julien<br \/>\nEt Cl\u00e9mence. Rappelons que le fr\u00e8re et la s\u0153ur sont aujourd&rsquo;hui<br \/>\nparents \u00e0 leur tour. Julien est en effet l&rsquo;heureux papa de jumeaux<br \/>\ntandis que Cl\u00e9mence est la fi\u00e8re maman de trois marmots.<\/p>\n","protected":false},"excerpt":{"rendered":"Figure embl\u00e9matique du paysage audiovisuel fran\u00e7ais, Chantal Ladesou encha\u00eene les apparitions \u00e0 la t\u00e9l\u00e9vision. Dimanche 7 d\u00e9cembre 2025,&hellip;\n","protected":false},"author":2,"featured_media":590687,"comment_status":"","ping_status":"","sticky":false,"template":"","format":"standard","meta":{"footnotes":""},"categories":[1359],"tags":[6788,58,59,1011,27,973],"class_list":{"0":"post-590686","1":"post","2":"type-post","3":"status-publish","4":"format-standard","5":"has-post-thumbnail","7":"category-people","8":"tag-chantal-ladesou","9":"tag-divertissement","10":"tag-entertainment","11":"tag-fr","12":"tag-france","13":"tag-people"},"share_on_mastodon":{"url":"https:\/\/pubeurope.com\/@fr\/115695381732455005","error":""},"_links":{"self":[{"href":"https:\/\/www.europesays.com\/fr\/wp-json\/wp\/v2\/posts\/590686","targetHints":{"allow":["GET"]}}],"collection":[{"href":"https:\/\/www.europesays.com\/fr\/wp-json\/wp\/v2\/posts"}],"about":[{"href":"https:\/\/www.europesays.com\/fr\/wp-json\/wp\/v2\/types\/post"}],"author":[{"embeddable":true,"href":"https:\/\/www.europesays.com\/fr\/wp-json\/wp\/v2\/users\/2"}],"replies":[{"embeddable":true,"href":"https:\/\/www.europesays.com\/fr\/wp-json\/wp\/v2\/comments?post=590686"}],"version-history":[{"count":0,"href":"https:\/\/www.europesays.com\/fr\/wp-json\/wp\/v2\/posts\/590686\/revisions"}],"wp:featuredmedia":[{"embeddable":true,"href":"https:\/\/www.europesays.com\/fr\/wp-json\/wp\/v2\/media\/590687"}],"wp:attachment":[{"href":"https:\/\/www.europesays.com\/fr\/wp-json\/wp\/v2\/media?parent=590686"}],"wp:term":[{"taxonomy":"category","embeddable":true,"href":"https:\/\/www.europesays.com\/fr\/wp-json\/wp\/v2\/categories?post=590686"},{"taxonomy":"post_tag","embeddable":true,"href":"https:\/\/www.europesays.com\/fr\/wp-json\/wp\/v2\/tags?post=590686"}],"curies":[{"name":"wp","href":"https:\/\/api.w.org\/{rel}","templated":true}]}}