{"id":590690,"date":"2025-12-10T12:58:12","date_gmt":"2025-12-10T12:58:12","guid":{"rendered":"https:\/\/www.europesays.com\/fr\/590690\/"},"modified":"2025-12-10T12:58:12","modified_gmt":"2025-12-10T12:58:12","slug":"julien-courbet-regle-un-litige-pour-marine-delplace-gagnante-de-star-academy","status":"publish","type":"post","link":"https:\/\/www.europesays.com\/fr\/590690\/","title":{"rendered":"Julien Courbet r\u00e8gle un litige pour Marine Delplace, gagnante de \u00abStar Academy\u00bb"},"content":{"rendered":"<p>    Julien Courbet dans \u00ab \u00c7a peut vous arriver\u00a0\u00bb sur RTL et Marine Delplace aux NRJ Music Awards<br \/>\n                Lou BRETON \/M6 &#8211; David Nivi\u00e8re \/ ABACAPRESS.COM (montage)<\/p>\n<p>\n    L\u2019animateur a eu affaire \u00e0 un cas concernant la chanteuse, dans son \u00e9mission quotidienne sur RTL. La facult\u00e9 de Lille n\u2019aurait pas rendu l\u2019argent de cautions de casiers \u00e0 plusieurs \u00e9tudiants dont l\u2019artiste fait partie.<\/p>\n<p class=\"fig-paragraph\">La co\u00efncidence est assez remarquable.\u00a0<a href=\"https:\/\/www.lefigaro.fr\/tag\/julien-courbet\" target=\"_blank\" rel=\"noopener\" data-gtm-custom-categorie=\"navigation\" data-gtm-custom-action=\"crossclick\" data-gtm-custom-label=\"Contextuel\" data-gtm-event=\"customEventSPE\"><strong>Julien Courbet<\/strong><\/a> \u00a0et son \u00e9quipe recevaient la semaine derni\u00e8re dans\u00a0<a href=\"https:\/\/tvmag.lefigaro.fr\/programme-tv\/programme\/ca-peut-vous-arriver-d1267420791\" target=\"_blank\" rel=\"noopener\" data-gtm-custom-categorie=\"navigation\" data-gtm-custom-action=\"crossclick\" data-gtm-custom-label=\"Contextuel\" data-gtm-event=\"customEventSPE\"><strong>\u00ab \u00c7a peut vous arriver\u00a0\u00bb<\/strong><\/a> \u00a0un ancien \u00e9tudiant en chirurgie dentaire de la facult\u00e9 de Lille, Th\u00e9o. Ce dernier se plaignait ne pas avoir \u00e9t\u00e9 rembours\u00e9 par l\u2019universit\u00e9 en question \u00e0 la suite d\u2019une caution vers\u00e9e. Il se trouve qu\u2019il est loin d\u2019\u00eatre le seul dans ce cas puisque\u00a0<a href=\"http:\/\/tvmag.lefigaro.fr\/programme-tv\/tele-realite\/qui-est-marine-delplace-la-premiere-finaliste-de-la-saison-12-de-star-academy-20250112\" target=\"_blank\" data-fig-type=\"Article\" rel=\"noopener\" data-gtm-custom-categorie=\"navigation\" data-gtm-custom-action=\"crossclick\" data-gtm-custom-label=\"Contextuel\" data-gtm-event=\"customEventSPE\" data-fig-domain=\"TVMAG\"><strong>Marine Delplace<\/strong><\/a>, gagnante de la saison 12 de\u00a0<a href=\"https:\/\/tvmag.lefigaro.fr\/programme-tv\/programme\/star-academy-d476831578\" target=\"_blank\" rel=\"noopener\" data-gtm-custom-categorie=\"navigation\" data-gtm-custom-action=\"crossclick\" data-gtm-custom-label=\"Contextuel\" data-gtm-event=\"customEventSPE\">\u00ab Star Academy\u00a0\u00bb\u00a0<\/a>sur\u00a0<a href=\"https:\/\/tvmag.lefigaro.fr\/programme-tv\/chaine\/192\/tous-les-programmes-de-tf1\" target=\"_blank\" rel=\"noopener\" data-gtm-custom-categorie=\"navigation\" data-gtm-custom-action=\"crossclick\" data-gtm-custom-label=\"Contextuel\" data-gtm-event=\"customEventSPE\">TF1<\/a>, est \u00e9galement concern\u00e9e.<\/p>\n<p class=\"fig-paragraph\">Mardi 9 d\u00e9cembre sur\u00a0<a href=\"https:\/\/www.rtl.fr\/programmes\/ca-peut-vous-arriver\/7900575658-l-integrale-ils-achetent-un-terrain-et-decouvrent-une-voiture-et-de-l-amiante-enfouis\" target=\"_blank\" rel=\"noopener\" data-gtm-custom-categorie=\"navigation\" data-gtm-custom-action=\"crossclick\" data-gtm-custom-label=\"Contextuel\" data-gtm-event=\"customEventSPE\">RTL<\/a>, le pr\u00e9sentateur est revenu sur l\u2019affaire du jeune dentiste. \u00ab Incroyable\u00a0! Rappelez-vous le cas de cet \u00e9tudiant qui \u00e9tait venu nous voir sur RTL pour nous dire\u00a0: \u201cLa fac de Lille nous loue des casiers, on laisse une caution, et quand on a le dipl\u00f4me, on rend l\u2019argent\u201d \u00bb, a-t-il r\u00e9sum\u00e9. Et \u00e0\u00a0<a href=\"http:\/\/tvmag.lefigaro.fr\/programme-tv\/actu-tele\/j-ai-eu-peur-celine-collange-de-ca-peut-vous-arriver-sur-rtl-revele-avoir-ete-victime-d-une-agression-20251103\" target=\"_blank\" data-fig-type=\"Article\" rel=\"noopener\" data-gtm-custom-categorie=\"navigation\" data-gtm-custom-action=\"crossclick\" data-gtm-custom-label=\"Contextuel\" data-gtm-event=\"customEventSPE\" data-fig-domain=\"TVMAG\">C\u00e9line Collange<\/a>\u00a0d\u2019ajouter\u00a0: \u00ab Sauf que Th\u00e9o, lui, n\u2019a jamais r\u00e9cup\u00e9r\u00e9 ses cent euros de caution. D\u2019autres \u00e9tudiants se retrouvent dans la m\u00eame situation. Au moins une trentaine de personnes\u00a0\u00bb.<\/p>\n<p class=\"fig-body-link\">\n            \u00c0 lire aussi<br \/>\n        <a class=\"fig-body-link__link\" href=\"http:\/\/tvmag.lefigaro.fr\/programme-tv\/actu-tele\/une-plantade-totale-julien-courbet-revient-sur-son-passage-a-france-televisions-20251127\" target=\"_blank\" data-fig-type=\"Article\" rel=\"noopener\" data-gtm-custom-categorie=\"navigation\" data-gtm-custom-action=\"crossclick\" data-gtm-custom-label=\"Contextuel\" data-gtm-event=\"customEventSPE\" data-fig-domain=\"TVMAG\"><\/p>\n<p>        \u00abUne plantade totale\u00bb\u00a0: Julien Courbet revient sur son passage \u00e0 France T\u00e9l\u00e9visions<br \/>\n    <\/a>\n<\/p>\n<blockquote class=\"fig-quote&#10;    \">\n<p class=\"fig-quote__text\">\u00ab Marine Delplace fait partie de ces \u00e9tudiants de la fac de Lille qui ont donn\u00e9 une caution pour leur casier et qui n\u2019ont pas eu leur remboursement\u00a0\u00bb<\/p>\n<p>            Julien Courbet\n    <\/p><\/blockquote>\n<p>                                                                <a class=\"fig-a11y-skip\" href=\"#fig-a11y-skip-main-inarticle\" data-module=\"a11y-skip\" data-context=\"was @visible\"><br \/>\n    Passer la publicit\u00e9<br \/>\n<\/a>            <\/p>\n<p class=\"fig-paragraph\">Julien Courbet a donn\u00e9 des nouvelles de l\u2019avanc\u00e9e de l\u2019affaire. \u00ab La fac de Lille a \u00e9crit en nous disant\u00a0: \u201cNous regrettons ce reportage, nous allons nous organiser pour rembourser\u201d, a-t-il expliqu\u00e9. Je vous rappelle que \u00e7a peut se passer sur plusieurs saisons. Nous, nous sommes sympas, nous ne demandons pas pourquoi vous n\u2019avez pas rembours\u00e9, nous demandons juste le remboursement. Qu\u2019est-ce qu\u2019elle dit, la fac\u00a0? \u201cNe vous inqui\u00e9tez pas, le remboursement va arriver. Cela prend un peu de temps, mais la compta est au courant\u201d. \u00bb<\/p>\n<p class=\"fig-paragraph\">Seulement, entre le moment de l\u2019appel de Th\u00e9o et ce mardi 9 d\u00e9cembre, Julien Courbet a appris d\u2019autres informations. \u00ab Incroyable, nous allons maintenant \u00e9couter\u00a0<a href=\"http:\/\/tvmag.lefigaro.fr\/programme-tv\/tele-realite\/star-academy-marine-remporte-la-saison-12-du-telecrochet-de-tf1-20250126\" target=\"_blank\" data-fig-type=\"Article\" rel=\"noopener\" data-gtm-custom-categorie=\"navigation\" data-gtm-custom-action=\"crossclick\" data-gtm-custom-label=\"Contextuel\" data-gtm-event=\"customEventSPE\" data-fig-domain=\"TVMAG\">Marine qui a gagn\u00e9 \u201cStar Academy\u201d,<\/a> \u00a0et qui sera ce soir dans le tr\u00e8s grand studio de RTL pour f\u00eater l\u2019anniversaire de l\u2019\u00e9mission entre 20 et 22 heures, avec Benjamin Biolay, Alain Souchon, Clara Luciani, gros festival. Pourquoi je parle de Marine\u00a0? Parce qu\u2019elle fait partie de ces \u00e9tudiants de la fac de Lille qui ont donn\u00e9 une caution pour leur casier et qui n\u2019ont pas eu leur remboursement\u00a0\u00bb, a-t-il r\u00e9v\u00e9l\u00e9.<\/p>\n<p class=\"fig-paragraph\">L\u2019occasion pour ce dernier d\u2019ironiser\u00a0: \u00ab D\u2019ailleurs, Marine chante dans sa nouvelle chanson\u00a0: \u201cRemboursez le casier\u00a0!\u201d Et elle a bien raison. Elle attend d\u00e9sesp\u00e9r\u00e9ment. Effectivement, avec les ventes de disques, elle n\u2019est pas dans le besoin. Mais elle aimerait bien r\u00e9cup\u00e9rer les cent euros de la fac de Lille, de son casier\u00a0\u00bb. Si l\u2019affaire peut para\u00eetre cocasse, pr\u00e8s d\u2019une trentaine d\u2019\u00e9tudiants seraient concern\u00e9s au total, faisant grimper le montant total d\u00fb par la facult\u00e9 de Lille \u00e0 ses \u00e9tudiants \u00e0 3000 euros.<\/p>\n","protected":false},"excerpt":{"rendered":"Julien Courbet dans \u00ab \u00c7a peut vous arriver\u00a0\u00bb sur RTL et Marine Delplace aux NRJ Music Awards Lou&hellip;\n","protected":false},"author":2,"featured_media":590691,"comment_status":"","ping_status":"","sticky":false,"template":"","format":"standard","meta":{"footnotes":""},"categories":[1356],"tags":[58,59,1011,27,10950,2700,5095,252,1364],"class_list":{"0":"post-590690","1":"post","2":"type-post","3":"status-publish","4":"format-standard","5":"has-post-thumbnail","7":"category-television","8":"tag-divertissement","9":"tag-entertainment","10":"tag-fr","11":"tag-france","12":"tag-julien-courbet","13":"tag-rtl","14":"tag-star-academy","15":"tag-television","16":"tag-tv"},"share_on_mastodon":{"url":"https:\/\/pubeurope.com\/@fr\/115695393492382878","error":""},"_links":{"self":[{"href":"https:\/\/www.europesays.com\/fr\/wp-json\/wp\/v2\/posts\/590690","targetHints":{"allow":["GET"]}}],"collection":[{"href":"https:\/\/www.europesays.com\/fr\/wp-json\/wp\/v2\/posts"}],"about":[{"href":"https:\/\/www.europesays.com\/fr\/wp-json\/wp\/v2\/types\/post"}],"author":[{"embeddable":true,"href":"https:\/\/www.europesays.com\/fr\/wp-json\/wp\/v2\/users\/2"}],"replies":[{"embeddable":true,"href":"https:\/\/www.europesays.com\/fr\/wp-json\/wp\/v2\/comments?post=590690"}],"version-history":[{"count":0,"href":"https:\/\/www.europesays.com\/fr\/wp-json\/wp\/v2\/posts\/590690\/revisions"}],"wp:featuredmedia":[{"embeddable":true,"href":"https:\/\/www.europesays.com\/fr\/wp-json\/wp\/v2\/media\/590691"}],"wp:attachment":[{"href":"https:\/\/www.europesays.com\/fr\/wp-json\/wp\/v2\/media?parent=590690"}],"wp:term":[{"taxonomy":"category","embeddable":true,"href":"https:\/\/www.europesays.com\/fr\/wp-json\/wp\/v2\/categories?post=590690"},{"taxonomy":"post_tag","embeddable":true,"href":"https:\/\/www.europesays.com\/fr\/wp-json\/wp\/v2\/tags?post=590690"}],"curies":[{"name":"wp","href":"https:\/\/api.w.org\/{rel}","templated":true}]}}