{"id":59070,"date":"2025-04-28T11:04:08","date_gmt":"2025-04-28T11:04:08","guid":{"rendered":"https:\/\/www.europesays.com\/fr\/59070\/"},"modified":"2025-04-28T11:04:08","modified_gmt":"2025-04-28T11:04:08","slug":"les-nouvelles-regles-de-france-travail-font-senvoler-le-nombre-de-demandeurs-demploi","status":"publish","type":"post","link":"https:\/\/www.europesays.com\/fr\/59070\/","title":{"rendered":"les nouvelles r\u00e8gles de France Travail font s\u2019envoler le nombre de demandeurs d\u2019emploi"},"content":{"rendered":"<p>                             Par     <a class=\"fig-content-metas__author\" href=\"https:\/\/www.lefigaro.fr\/auteur\/pierre-loeiz-thomas\" rel=\"author noopener\" target=\"_blank\">Pierre-Loeiz Thomas<\/a><\/p>\n<p>\n            Publi\u00e9<br \/>\n                le 28 avril 2025 \u00e0 12h03,<br \/>\n                 mis \u00e0 jour le 28 avril 2025 \u00e0 12h32<\/p>\n<p>\u00a0\u00bb<br \/>\n        data-script=\u00a0\u00bbhttps:\/\/static.lefigaro.fr\/widget-video\/short-ttl\/video\/index.js\u00a0\u00bb<br \/>\n    &gt;<\/p>\n<p>Le nombre de demandeurs d\u2019emploi inscrits en cat\u00e9gorie A &#8211; sans aucune activit\u00e9 &#8211; a bondi de 8,7% au premier trimestre, soit une hausse de 273.100 inscrits, selon les donn\u00e9es publi\u00e9es par la Dares ce lundi 28 avril.<\/p>\n<p class=\"fig-paragraph\">Les chiffres s\u2019affolent. Du moins, en apparence. Le\u00a0<a href=\"http:\/\/www.lefigaro.fr\/conjoncture\/la-reforme-de-l-assurance-chomage-a-favorise-un-retour-vers-l-emploi-20250403\" data-fig-type=\"Article\" data-gtm-custom-categorie=\"navigation\" data-gtm-custom-action=\"crossclick\" data-gtm-custom-label=\"Contextuel\" data-gtm-event=\"customEventSPE\" data-fig-domain=\"LEFIGARO\" target=\"_blank\" rel=\"noopener\">nombre de demandeurs d\u2019emploi inscrits<\/a>\u00a0en cat\u00e9gorie A &#8211; sans aucune activit\u00e9 &#8211; a bondi de 8,7% au premier trimestre 2025, ce qui repr\u00e9sente une hausse de 273.100 inscrits, selon les donn\u00e9es publi\u00e9es par la Dares ce lundi 28 avril. Au total, 3,4 millions de personnes sont donc r\u00e9pertori\u00e9es dans cette cat\u00e9gorie.<\/p>\n<p class=\"fig-paragraph\">L\u2019institution charg\u00e9e de d\u00e9chiffrer le monde du travail tient tout de m\u00eame \u00e0 temp\u00e9rer cette augmentation importante. Ces chiffres prennent effectivement en compte les nouveaux inscrits automatiquement \u00e0 France Travail au 1er janvier. Depuis le d\u00e9but de l\u2019ann\u00e9e, tous les b\u00e9n\u00e9ficiaires du RSA ainsi que les jeunes accompagn\u00e9s par des missions locales y sont inscrits d\u2019office, ce qui repr\u00e9sente 1,3 million de personnes en plus dispers\u00e9es dans les diff\u00e9rentes cat\u00e9gories. Le bond des demandeurs d\u2019emploi en cat\u00e9gorie A s\u2019explique \u00e9galement par une modification des modalit\u00e9s d\u2019actualisation des inscrits. Chaque nouvel inscrit doit d\u00e9sormais signer un contrat d\u2019engagement avant toute actualisation de son statut. En attente de signature, il se trouve automatiquement inscrit en cat\u00e9gorie A. En prenant en compte ces biais, l\u2019augmentation du nombre d\u2019inscrits \u00e0 France Travail li\u00e9 \u00e0 la conjoncture du march\u00e9 du travail ne serait que de 0,8% selon les estimations de la Dares.<\/p>\n<p class=\"fig-paragraph\">Plus d\u2019informations \u00e0 venir.<\/p>\n","protected":false},"excerpt":{"rendered":"Par Pierre-Loeiz Thomas Publi\u00e9 le 28 avril 2025 \u00e0 12h03, mis \u00e0 jour le 28 avril 2025 \u00e0&hellip;\n","protected":false},"author":2,"featured_media":59071,"comment_status":"","ping_status":"","sticky":false,"template":"","format":"standard","meta":{"footnotes":""},"categories":[2],"tags":[11,8334,343,214,8327,8324,8328,257,590,8333,1011,27,8329,12,8325,8331,8332,8323,25,8322,1019,801,8330,8326],"class_list":{"0":"post-59070","1":"post","2":"type-post","3":"status-publish","4":"format-standard","5":"has-post-thumbnail","7":"category-actualites","8":"tag-actualites","9":"tag-actualites-sociales","10":"tag-cac-40","11":"tag-chomage","12":"tag-comoite-dentreprise","13":"tag-conjoncture","14":"tag-elections-syndicales","15":"tag-entreprise","16":"tag-finance","17":"tag-fiscalite-des-entreprises","18":"tag-fr","19":"tag-france","20":"tag-gestion-entreprise","21":"tag-news","22":"tag-oeuvres-sociales","23":"tag-pme","24":"tag-pmi","25":"tag-primes","26":"tag-republique-francaise","27":"tag-ressources-humaines","28":"tag-rh","29":"tag-social","30":"tag-tpe","31":"tag-trseorerie"},"share_on_mastodon":{"url":"https:\/\/pubeurope.com\/@fr\/114415263176539748","error":""},"_links":{"self":[{"href":"https:\/\/www.europesays.com\/fr\/wp-json\/wp\/v2\/posts\/59070","targetHints":{"allow":["GET"]}}],"collection":[{"href":"https:\/\/www.europesays.com\/fr\/wp-json\/wp\/v2\/posts"}],"about":[{"href":"https:\/\/www.europesays.com\/fr\/wp-json\/wp\/v2\/types\/post"}],"author":[{"embeddable":true,"href":"https:\/\/www.europesays.com\/fr\/wp-json\/wp\/v2\/users\/2"}],"replies":[{"embeddable":true,"href":"https:\/\/www.europesays.com\/fr\/wp-json\/wp\/v2\/comments?post=59070"}],"version-history":[{"count":0,"href":"https:\/\/www.europesays.com\/fr\/wp-json\/wp\/v2\/posts\/59070\/revisions"}],"wp:featuredmedia":[{"embeddable":true,"href":"https:\/\/www.europesays.com\/fr\/wp-json\/wp\/v2\/media\/59071"}],"wp:attachment":[{"href":"https:\/\/www.europesays.com\/fr\/wp-json\/wp\/v2\/media?parent=59070"}],"wp:term":[{"taxonomy":"category","embeddable":true,"href":"https:\/\/www.europesays.com\/fr\/wp-json\/wp\/v2\/categories?post=59070"},{"taxonomy":"post_tag","embeddable":true,"href":"https:\/\/www.europesays.com\/fr\/wp-json\/wp\/v2\/tags?post=59070"}],"curies":[{"name":"wp","href":"https:\/\/api.w.org\/{rel}","templated":true}]}}