{"id":590700,"date":"2025-12-10T13:03:13","date_gmt":"2025-12-10T13:03:13","guid":{"rendered":"https:\/\/www.europesays.com\/fr\/590700\/"},"modified":"2025-12-10T13:03:13","modified_gmt":"2025-12-10T13:03:13","slug":"lepouse-du-docteur-jimmy-mohamed-laccuse-de-violences-psychologiques","status":"publish","type":"post","link":"https:\/\/www.europesays.com\/fr\/590700\/","title":{"rendered":"L\u2019\u00e9pouse du Docteur Jimmy Mohamed l\u2019accuse de \u00ab\u00a0violences psychologiques\u00a0\u00bb"},"content":{"rendered":"<p>Le <a href=\"https:\/\/www.20minutes.fr\/tempo\/bien-etre\/4081877-20240318-conseils-dr-jimmy-mohamed-vivre-plus-longtemps-bonne-sante\" class=\"c-link c-link--is-underlined\" target=\"_blank\" rel=\"noopener\">docteur Jimmy Mohamed<\/a> saura-t-il faire retomber la temp\u00e9rature\u00a0? Son \u00e9pouse l\u2019a en effet mis en cause dans un message post\u00e9 sur <a href=\"https:\/\/www.20minutes.fr\/societe\/4154448-20250520-reseaux-sociaux-instagram-plaide-imposer-accord-parental-app-store\" class=\"c-link c-link--is-underlined\" target=\"_blank\" rel=\"noopener\">Instagram<\/a> mardi 9\u00a0d\u00e9cembre 2025 (mais supprim\u00e9 depuis) dans lequel elle accuse le c\u00e9l\u00e8bre chroniqueur m\u00e9dical de lui faire subir des \u00ab\u00a0violences psychologiques \u00bb, rapporte <a href=\"https:\/\/www.voici.fr\/celebrites\/jimmy-mohamed-sa-compagne-souailla-se-dit-victime-de-violences-psychologiques-et-vide-son-sac-816287\" target=\"_blank\" class=\"c-link c-link--is-underlined\" rel=\"noopener\">Voici<\/a><\/p>\n<\/p>\n<p>Souailla Mohamed r\u00e9agissait \u00e0 une <a href=\"https:\/\/www.20minutes.fr\/arts-stars\/television\/4108710-20240906-omnipresent-docteur-jimmy-mohamed-fontaine-jouvence-magazine-sante\" class=\"c-link c-link--is-underlined\" target=\"_blank\" rel=\"noopener\">capsule sant\u00e9 de RTL<\/a> dans laquelle le m\u00e9decin expliquait qu\u2019avoir un chien \u00e9tait b\u00e9n\u00e9fique pour la <a href=\"https:\/\/www.20minutes.fr\/sante\/4085331-20240409-depression-tentative-suicide-sante-mentale-ados-degrade-particulier-chez-filles\" class=\"c-link c-link--is-underlined\" target=\"_blank\" rel=\"noopener\">sant\u00e9 mentale des ados<\/a>. \u00ab\u00a0Moi je me demande comment aider une personne victime de violences psychologiques par son mari [\u2026] qui va jusqu\u2019\u00e0 essayer de faire croire qu\u2019elle a des hallucinations\u00a0\u00bb, a-t-elle \u00e9crit.<\/p>\n<p class=\"mb-m@xs text-l@xs\">En cliquant sur\u00ab J\u2019accepte \u00bb, vous acceptez le d\u00e9p\u00f4t de cookies par des services externes et aurez ainsi acc\u00e8s aux contenus de nos partenaires.<\/p>\n<p class=\"mb-xl@xs text-s@xs\">Plus d\u2019informations sur la page<a href=\"https:\/\/www.20minutes.fr\/gestion-cookies\" class=\"mx-xxs@xs color-ultramarine\" target=\"_blank\" rel=\"noopener\">Politique de gestion des cookies<\/a><\/p>\n<p>J\u2019accepteContre la malbouffe\u2026 pour les autres<\/p>\n<p>La <a href=\"https:\/\/www.20minutes.fr\/sante\/3121311-20210910-sages-femmes-metier-doit-etre-mieux-remunere-beneficier-statut-specifique-selon-rapport\" class=\"c-link c-link--is-underlined\" target=\"_blank\" rel=\"noopener\">sage-femme<\/a> et m\u00e8re de leurs trois enfants accuse \u00e9galement son mari de ne pas suivre les conseils nutritionnels qu\u2019il prodigue dans ses interventions t\u00e9l\u00e9vis\u00e9es et radiophoniques. Pour illustrer ses propos, elle montrait dans une story des photos de l\u2019habitacle d\u2019une voiture jonch\u00e9 d\u2019emballages de chips, pizzas surgel\u00e9es et bouteilles de soda\u2026<\/p>\n<p>\u00ab\u00a0Tu passes le dipl\u00f4me de nutrition, tu d\u00e9codes les listes d\u2019ingr\u00e9dients, tu fais les courses, tu cuisines, tu bassines ton mari avec l\u2019int\u00e9r\u00eat de la pr\u00e9vention par la nutrition pendant qu\u2019il ach\u00e8te <a href=\"https:\/\/www.20minutes.fr\/sante\/4172215-20250910-malbouffe-obesite-depasse-desormais-sous-nutrition-chez-enfants-ados\" class=\"c-link c-link--is-underlined\" target=\"_blank\" rel=\"noopener\">des cochonneries<\/a> qu\u2019il cache dans sa voiture parce qu\u2019interdit que \u00e7a rentre \u00e0 la maison\u00a0\u00bb, se r\u00e9voltait-elle en l\u00e9gende.<\/p>\n<p>Affirmant partager ces faits parce qu\u2019elle \u00ab\u00a0arriv\u00e9e au bout du bout du rouleau\u00a0\u00bb, Souailla Mohamed a assur\u00e9 qu\u2019elle ne cherchait pas \u00e0 \u00ab\u00a0laver son linge sale en public\u00a0\u00bb et soulign\u00e9 que les <a href=\"https:\/\/www.20minutes.fr\/tempo\/food\/4156727-20250609-comment-adopter-meilleure-alimentation-vivre-bonne-sante-conseils-dieteticienne\" class=\"c-link c-link--is-underlined\" target=\"_blank\" rel=\"noopener\">conseils nutritionnels<\/a> que son mari prodigue dans les m\u00e9dias restent valables.<\/p>\n","protected":false},"excerpt":{"rendered":"Le docteur Jimmy Mohamed saura-t-il faire retomber la temp\u00e9rature\u00a0? Son \u00e9pouse l\u2019a en effet mis en cause dans&hellip;\n","protected":false},"author":2,"featured_media":590701,"comment_status":"","ping_status":"","sticky":false,"template":"","format":"standard","meta":{"footnotes":""},"categories":[8],"tags":[258,4850,58,4739,59,1011,27,2440,7924,6339,1825,2700,71,2072,252],"class_list":{"0":"post-590700","1":"post","2":"type-post","3":"status-publish","4":"format-standard","5":"has-post-thumbnail","7":"category-divertissement","8":"tag-alimentation","9":"tag-chien","10":"tag-divertissement","11":"tag-emission-de-television","12":"tag-entertainment","13":"tag-fr","14":"tag-france","15":"tag-instagram","16":"tag-malbouffe","17":"tag-medecin","18":"tag-radio","19":"tag-rtl","20":"tag-sante","21":"tag-sante-mentale","22":"tag-television"},"share_on_mastodon":{"url":"https:\/\/pubeurope.com\/@fr\/115695413173466531","error":""},"_links":{"self":[{"href":"https:\/\/www.europesays.com\/fr\/wp-json\/wp\/v2\/posts\/590700","targetHints":{"allow":["GET"]}}],"collection":[{"href":"https:\/\/www.europesays.com\/fr\/wp-json\/wp\/v2\/posts"}],"about":[{"href":"https:\/\/www.europesays.com\/fr\/wp-json\/wp\/v2\/types\/post"}],"author":[{"embeddable":true,"href":"https:\/\/www.europesays.com\/fr\/wp-json\/wp\/v2\/users\/2"}],"replies":[{"embeddable":true,"href":"https:\/\/www.europesays.com\/fr\/wp-json\/wp\/v2\/comments?post=590700"}],"version-history":[{"count":0,"href":"https:\/\/www.europesays.com\/fr\/wp-json\/wp\/v2\/posts\/590700\/revisions"}],"wp:featuredmedia":[{"embeddable":true,"href":"https:\/\/www.europesays.com\/fr\/wp-json\/wp\/v2\/media\/590701"}],"wp:attachment":[{"href":"https:\/\/www.europesays.com\/fr\/wp-json\/wp\/v2\/media?parent=590700"}],"wp:term":[{"taxonomy":"category","embeddable":true,"href":"https:\/\/www.europesays.com\/fr\/wp-json\/wp\/v2\/categories?post=590700"},{"taxonomy":"post_tag","embeddable":true,"href":"https:\/\/www.europesays.com\/fr\/wp-json\/wp\/v2\/tags?post=590700"}],"curies":[{"name":"wp","href":"https:\/\/api.w.org\/{rel}","templated":true}]}}