{"id":590706,"date":"2025-12-10T13:06:13","date_gmt":"2025-12-10T13:06:13","guid":{"rendered":"https:\/\/www.europesays.com\/fr\/590706\/"},"modified":"2025-12-10T13:06:13","modified_gmt":"2025-12-10T13:06:13","slug":"des-forces-speciales-francaises-sont-intervenues-lors-dune-tentative-de-putsch","status":"publish","type":"post","link":"https:\/\/www.europesays.com\/fr\/590706\/","title":{"rendered":"des forces sp\u00e9ciales fran\u00e7aises sont intervenues lors d\u2019une tentative de putsch"},"content":{"rendered":"<p>\n    Des unit\u00e9s fran\u00e7aises ont appuy\u00e9 dimanche la riposte men\u00e9e par l\u2019arm\u00e9e b\u00e9ninoise contre les rebelles, lors d\u2019une attaque visant la r\u00e9sidence du pr\u00e9sident Patrice Talon, selon le chef de la Garde r\u00e9publicaine.<\/p>\n<p class=\"fig-paragraph\">Des forces sp\u00e9ciales fran\u00e7aises sont intervenues dimanche lors de la tentative d\u00e9jou\u00e9e de\u00a0<a href=\"http:\/\/www.lefigaro.fr\/international\/putsch-en-guinee-bissau-un-general-nomme-president-le-chef-d-etat-destitue-parti-au-senegal-20251127\" data-fig-type=\"NewsFlash\" data-gtm-custom-categorie=\"navigation\" data-gtm-custom-action=\"crossclick\" data-gtm-custom-label=\"Contextuel\" data-gtm-event=\"customEventSPE\" data-fig-domain=\"LEFIGARO\" target=\"_blank\" rel=\"noopener\">putsch\u00a0<\/a>au B\u00e9nin en appui de l&rsquo;arm\u00e9e b\u00e9ninoise qui a \u00abvaillamment\u00bb repouss\u00e9 les mutins, a affirm\u00e9 mercredi 10 d\u00e9cembre le chef de la Garde r\u00e9publicaine, le colonel Dieudonn\u00e9 Djimon T\u00e9vo\u00e9djr\u00e8.<\/p>\n<p class=\"fig-paragraph\">Mardi, la pr\u00e9sidence fran\u00e7aise avait indiqu\u00e9\u00a0<a href=\"http:\/\/www.lefigaro.fr\/international\/tentative-de-coup-d-etat-au-benin-la-france-a-fourni-un-appui-aux-forces-loyalistes-declare-l-elysee-20251209\" data-fig-type=\"NewsFlash\" data-gtm-custom-categorie=\"navigation\" data-gtm-custom-action=\"crossclick\" data-gtm-custom-label=\"Contextuel\" data-gtm-event=\"customEventSPE\" data-fig-domain=\"LEFIGARO\" target=\"_blank\" rel=\"noopener\">avoir appuy\u00e9<\/a>\u00a0\u00aben termes de surveillance, d&rsquo;observation et de soutien logistique\u00bb le pouvoir b\u00e9ninois, \u00e0 sa demande, sans confirmer ni d\u00e9mentir la pr\u00e9sence de ses forces.<\/p>\n<p>                                            <a class=\"fig-a11y-skip\" href=\"#fig-a11y-skip-main-inarticle\" data-module=\"a11y-skip\" data-context=\"was @visible\"><br \/>\n    Passer la publicit\u00e9<br \/>\n<\/a>            <\/p>\n<p class=\"fig-paragraph\">\u00abL&rsquo;arm\u00e9e b\u00e9ninoise a \u00e9t\u00e9 vraiment vaillante et a fait face \u00e0 l&rsquo;ennemi toute la journ\u00e9e\u00bb dimanche, a expliqu\u00e9 le colonel Tevo\u00e9djr\u00e8, pr\u00e9cisant que des \u00abforces sp\u00e9ciales fran\u00e7aises ont \u00e9t\u00e9 envoy\u00e9es depuis Abidjan, utilis\u00e9es pour du ratissage apr\u00e8s que l&rsquo;arm\u00e9e b\u00e9ninoise a fait le travail\u00bb.<\/p>\n<p>                                            \u00abRude combat\u00bb<\/p>\n<p class=\"fig-paragraph\">Le colonel Tevo\u00e9djr\u00e8 qui a personnellement dirig\u00e9 sur place la riposte contre un assaut sur la r\u00e9sidence du chef de l&rsquo;\u00c9tat Patrice Talon t\u00f4t dimanche matin, estime \u00e0 une centaine le nombre de mutins, \u00abavec beaucoup de moyens, des engins blind\u00e9s\u00bb. Il note toutefois que les putschistes, qui ont compt\u00e9 sur \u00abl&rsquo;effet de surprise\u00bb, n&rsquo;ont pas re\u00e7u de soutien d&rsquo;autres unit\u00e9s, saluant l&rsquo;attitude \u00abr\u00e9publicaine\u00bb de l&rsquo;arm\u00e9e b\u00e9ninoise. La\u00a0<a href=\"http:\/\/www.lefigaro.fr\/international\/cette-occupation-militaire-est-sans-precedent-et-injustifiee-six-etats-republicains-envoient-des-gardes-nationaux-a-washington-20250820\" data-fig-type=\"Article\" data-gtm-custom-categorie=\"navigation\" data-gtm-custom-action=\"crossclick\" data-gtm-custom-label=\"Contextuel\" data-gtm-event=\"customEventSPE\" data-fig-domain=\"LEFIGARO\" target=\"_blank\" rel=\"noopener\">garde r\u00e9publicaine<\/a>\u00a0a \u00abeu le soutien spontan\u00e9 d&rsquo;autres unit\u00e9s qui ont \u00e9t\u00e9 utilis\u00e9es toute la journ\u00e9e pour reprendre possession de zones, de points strat\u00e9giques de Cotonou\u00bb, d\u00e9taille-t-il.<\/p>\n<p class=\"fig-paragraph\">C&rsquo;est en fin de journ\u00e9e, alors que les mutins \u00e9taient retranch\u00e9s dans un camp situ\u00e9 dans une zone r\u00e9sidentielle de la capitale \u00e9conomique, que des frappes a\u00e9riennes du\u00a0<a href=\"https:\/\/www.lefigaro.fr\/tag\/nigeria\" target=\"_blank\" rel=\"sponsored noopener\" data-gtm-custom-categorie=\"navigation\" data-gtm-custom-action=\"crossclick\" data-gtm-custom-label=\"Contextuel\" data-gtm-event=\"customEventSPE\">Nigeria<\/a>\u00a0voisin et des forces sp\u00e9ciales fran\u00e7aises ont aid\u00e9 le B\u00e9nin, afin notamment \u00abd&rsquo;\u00e9viter des dommages collat\u00e9raux\u00bb.<\/p>\n<p class=\"fig-paragraph\">Le colonel n&rsquo;a pas donn\u00e9 de bilan chiffr\u00e9 du nombre de victimes des \u00e9v\u00e8nements de dimanche, mais a pr\u00e9cis\u00e9 que les mutins \u00e9taient \u00abrepartis avec des corps et des bless\u00e9s\u00bb de leur tentative d&rsquo;assaut sur la r\u00e9sidence pr\u00e9sidentielle, apr\u00e8s un \u00abrude combat\u00bb.<\/p>\n<p class=\"fig-paragraph\">Dimanche matin, huit militaires \u00e9taient apparus \u00e0 la t\u00e9l\u00e9vision b\u00e9ninoise, annon\u00e7ant qu&rsquo;ils avaient destitu\u00e9<a href=\"https:\/\/video.lefigaro.fr\/figaro\/international\/benin-le-president-patrice-talon-aurait-ete-demis-de-ses-fonctions-par-un-coup-d-etat-20251207\" data-fig-type=\"Video\" data-gtm-custom-categorie=\"navigation\" data-gtm-custom-action=\"crossclick\" data-gtm-custom-label=\"Contextuel\" data-gtm-event=\"customEventSPE\" data-fig-domain=\"LEFIGARO\" target=\"_blank\" rel=\"noopener\">\u00a0Patrice Talon<\/a>. Apr\u00e8s une journ\u00e9e d&rsquo;incertitude \u00e0 Cotonou, le chef de l&rsquo;\u00c9tat avait d\u00e9clar\u00e9 que la situation \u00e9tait \u00abtotalement sous contr\u00f4le\u00bb. Les autorit\u00e9s b\u00e9ninoises ont ensuite fait \u00e9tat de \u00abplusieurs victimes\u00bb, notamment dans des affrontements opposant mutins et forces loyales.<\/p>\n","protected":false},"excerpt":{"rendered":"Des unit\u00e9s fran\u00e7aises ont appuy\u00e9 dimanche la riposte men\u00e9e par l\u2019arm\u00e9e b\u00e9ninoise contre les rebelles, lors d\u2019une attaque&hellip;\n","protected":false},"author":2,"featured_media":590707,"comment_status":"","ping_status":"","sticky":false,"template":"","format":"standard","meta":{"footnotes":""},"categories":[5],"tags":[11,2921,566,1011,27,14,12,70407,28],"class_list":{"0":"post-590706","1":"post","2":"type-post","3":"status-publish","4":"format-standard","5":"has-post-thumbnail","7":"category-international","8":"tag-actualites","9":"tag-benin","10":"tag-forces-speciales","11":"tag-fr","12":"tag-france","13":"tag-international","14":"tag-news","15":"tag-putsch","16":"tag-world"},"share_on_mastodon":{"url":"https:\/\/pubeurope.com\/@fr\/115695424864332131","error":""},"_links":{"self":[{"href":"https:\/\/www.europesays.com\/fr\/wp-json\/wp\/v2\/posts\/590706","targetHints":{"allow":["GET"]}}],"collection":[{"href":"https:\/\/www.europesays.com\/fr\/wp-json\/wp\/v2\/posts"}],"about":[{"href":"https:\/\/www.europesays.com\/fr\/wp-json\/wp\/v2\/types\/post"}],"author":[{"embeddable":true,"href":"https:\/\/www.europesays.com\/fr\/wp-json\/wp\/v2\/users\/2"}],"replies":[{"embeddable":true,"href":"https:\/\/www.europesays.com\/fr\/wp-json\/wp\/v2\/comments?post=590706"}],"version-history":[{"count":0,"href":"https:\/\/www.europesays.com\/fr\/wp-json\/wp\/v2\/posts\/590706\/revisions"}],"wp:featuredmedia":[{"embeddable":true,"href":"https:\/\/www.europesays.com\/fr\/wp-json\/wp\/v2\/media\/590707"}],"wp:attachment":[{"href":"https:\/\/www.europesays.com\/fr\/wp-json\/wp\/v2\/media?parent=590706"}],"wp:term":[{"taxonomy":"category","embeddable":true,"href":"https:\/\/www.europesays.com\/fr\/wp-json\/wp\/v2\/categories?post=590706"},{"taxonomy":"post_tag","embeddable":true,"href":"https:\/\/www.europesays.com\/fr\/wp-json\/wp\/v2\/tags?post=590706"}],"curies":[{"name":"wp","href":"https:\/\/api.w.org\/{rel}","templated":true}]}}