{"id":590708,"date":"2025-12-10T13:07:17","date_gmt":"2025-12-10T13:07:17","guid":{"rendered":"https:\/\/www.europesays.com\/fr\/590708\/"},"modified":"2025-12-10T13:07:17","modified_gmt":"2025-12-10T13:07:17","slug":"apres-le-cheque-de-santa-le-beau-don-de-la-chanteuse-au-telethon","status":"publish","type":"post","link":"https:\/\/www.europesays.com\/fr\/590708\/","title":{"rendered":"apr\u00e8s le ch\u00e8que de Santa, le beau don de la chanteuse au T\u00e9l\u00e9thon"},"content":{"rendered":"<p><strong>Partager sans compter. <\/strong>Apr\u00e8s le gros ch\u00e8que de 99\u00a0999\u00a0euros offert par Santa, chanteuse et marraine de la 39e \u00e9dition du T\u00e9l\u00e9thon, c&rsquo;est au tour de <a href=\"https:\/\/www.journaldesfemmes.fr\/people\/personnalites\/2753477-zaz-isabelle-geoffoy-age-mari-maman-belle-mere-fille-vie-privee\/\" title=\"Isabelle Geoffroy\" target=\"_blank\" rel=\"noopener\">Zaz<\/a> de jouer les bonnes f\u00e9es. L&rsquo;interpr\u00e8te de Qu\u00e9 Vendr\u00e1\u00a0a mis en jeu un pass pour deux personnes permettant d&rsquo;assister \u00e0 tous ses concerts dans les Z\u00e9niths de France, \u00e0 gagner via la tombola caritative Stars Solidaires\u00a0!<\/p>\n","protected":false},"excerpt":{"rendered":"Partager sans compter. Apr\u00e8s le gros ch\u00e8que de 99\u00a0999\u00a0euros offert par Santa, chanteuse et marraine de la 39e&hellip;\n","protected":false},"author":2,"featured_media":590709,"comment_status":"","ping_status":"","sticky":false,"template":"","format":"standard","meta":{"footnotes":""},"categories":[4],"tags":[11,70408,51761,52292,1011,27,51766,1031,12,25,6706],"class_list":{"0":"post-590708","1":"post","2":"type-post","3":"status-publish","4":"format-standard","5":"has-post-thumbnail","7":"category-france","8":"tag-actualites","9":"tag-cms-journaldesfemmes-3249958","10":"tag-controller-content","11":"tag-format-reportage","12":"tag-fr","13":"tag-france","14":"tag-les-histoires-du-jdf","15":"tag-magazine","16":"tag-news","17":"tag-republique-francaise","18":"tag-zaz"},"share_on_mastodon":{"url":"https:\/\/pubeurope.com\/@fr\/115695428865730571","error":""},"_links":{"self":[{"href":"https:\/\/www.europesays.com\/fr\/wp-json\/wp\/v2\/posts\/590708","targetHints":{"allow":["GET"]}}],"collection":[{"href":"https:\/\/www.europesays.com\/fr\/wp-json\/wp\/v2\/posts"}],"about":[{"href":"https:\/\/www.europesays.com\/fr\/wp-json\/wp\/v2\/types\/post"}],"author":[{"embeddable":true,"href":"https:\/\/www.europesays.com\/fr\/wp-json\/wp\/v2\/users\/2"}],"replies":[{"embeddable":true,"href":"https:\/\/www.europesays.com\/fr\/wp-json\/wp\/v2\/comments?post=590708"}],"version-history":[{"count":0,"href":"https:\/\/www.europesays.com\/fr\/wp-json\/wp\/v2\/posts\/590708\/revisions"}],"wp:featuredmedia":[{"embeddable":true,"href":"https:\/\/www.europesays.com\/fr\/wp-json\/wp\/v2\/media\/590709"}],"wp:attachment":[{"href":"https:\/\/www.europesays.com\/fr\/wp-json\/wp\/v2\/media?parent=590708"}],"wp:term":[{"taxonomy":"category","embeddable":true,"href":"https:\/\/www.europesays.com\/fr\/wp-json\/wp\/v2\/categories?post=590708"},{"taxonomy":"post_tag","embeddable":true,"href":"https:\/\/www.europesays.com\/fr\/wp-json\/wp\/v2\/tags?post=590708"}],"curies":[{"name":"wp","href":"https:\/\/api.w.org\/{rel}","templated":true}]}}