{"id":590712,"date":"2025-12-10T13:10:27","date_gmt":"2025-12-10T13:10:27","guid":{"rendered":"https:\/\/www.europesays.com\/fr\/590712\/"},"modified":"2025-12-10T13:10:27","modified_gmt":"2025-12-10T13:10:27","slug":"nouvelles-degradations-au-cret-de-roc-la-ville-de-saint-etienne-porte-plainte","status":"publish","type":"post","link":"https:\/\/www.europesays.com\/fr\/590712\/","title":{"rendered":"Nouvelles d\u00e9gradations au Cr\u00eat-de-Roc : la Ville de Saint-\u00c9tienne porte plainte"},"content":{"rendered":"<p>Des tags, pour certains insultants, ont \u00e9t\u00e9 d\u00e9couverts, ce mardi 9 d\u00e9cembre, au niveau de l&rsquo;ascenseur du Cr\u00eat-de-Roc, \u00e0 Saint-\u00c9tienne. La Ville a d&rsquo;ores et d\u00e9j\u00e0 d\u00e9pos\u00e9 plainte.<\/p>\n<p>De nouvelles d\u00e9gradations dans le quartier du <b>Cr\u00eat-de-Roc<\/b>, \u00e0 <b>Saint-\u00c9tienne<\/b>.<\/p>\n<p>Alors que des travaux ont \u00e9t\u00e9 men\u00e9s ces derniers mois pour nettoyer l&rsquo;ascenseur et la passerelle de la Concorde, des tags ont \u00e9t\u00e9 d\u00e9couverts, ce mardi soir, dans le secteur.<\/p>\n<p>Des actes \u00ab\u00a0imb\u00e9ciles et irrespectueux\u00a0\u00bb<\/p>\n<p>\u00ab\u00a0Je d\u00e9plore et je condamne avec la plus grande fermet\u00e9 <b>ces actes imb\u00e9ciles et irrespectueux<\/b>, a r\u00e9agi Jean-Pierre Berger, qui assure l&rsquo;int\u00e9rim \u00e0 la t\u00eate de la mairie.<\/p>\n<p>\u00ab\u00a0D&rsquo;autant plus imb\u00e9ciles et irrespectueux, qu&rsquo;un important travail de r\u00e9novation de l&rsquo;ascenseur fruit d&rsquo;un beau travail participatif avec les enfants et les habitants du Cr\u00eat-de-Roc venait de se terminer et faisait l&rsquo;unanimit\u00e9 au sein du quartier\u00a0\u00bb, ajoute-t-il.<\/p>\n<p>Les services municipaux sont intervenus d\u00e8s mercredi matin pour nettoyer ces tags. De son c\u00f4t\u00e9, la Ville de Saint-\u00c9tienne a d\u00e9pos\u00e9 <b>plainte<\/b>.<\/p>\n<p><img loading=\"lazy\" decoding=\"async\" src=\"https:\/\/www.europesays.com\/fr\/wp-content\/uploads\/2025\/12\/1765372227_128_img\" width=\"350\" height=\"200\" border=\"0\" title=\"Le p\u00c3\u00a9age de Balbigny sur l'A89, dans la Loire\"\/><\/p>\n<p>\u25baPolice &#8211; Justice<\/p>\n<p style=\"font-size: 22px;\"><b>Neuf kilos de cannabis saisis sur l&rsquo;A89 : deux suspects jug\u00e9s ce mercredi \u00e0 Roanne<\/b><\/p>\n<p>Deux individus ont \u00e9t\u00e9 intercept\u00e9s, jeudi 4 d\u00e9cembre,&#8230;<\/p>\n<p><\/p>\n","protected":false},"excerpt":{"rendered":"Des tags, pour certains insultants, ont \u00e9t\u00e9 d\u00e9couverts, ce mardi 9 d\u00e9cembre, au niveau de l&rsquo;ascenseur du Cr\u00eat-de-Roc,&hellip;\n","protected":false},"author":2,"featured_media":590713,"comment_status":"","ping_status":"","sticky":false,"template":"","format":"standard","meta":{"footnotes":""},"categories":[9653],"tags":[1111,11,2430,51625,70409,1777,674,1011,27,16352,12,2634,25,9920,4001,15625],"class_list":{"0":"post-590712","1":"post","2":"type-post","3":"status-publish","4":"format-standard","5":"has-post-thumbnail","7":"category-saint-etienne","8":"tag-actu","9":"tag-actualites","10":"tag-auvergne-rhone-alpes","11":"tag-crt-de-roc","12":"tag-dgradation","13":"tag-eu","14":"tag-europe","15":"tag-fr","16":"tag-france","17":"tag-jean-pierre-berger","18":"tag-news","19":"tag-plainte","20":"tag-republique-francaise","21":"tag-saint-tienne","22":"tag-saint-etienne","23":"tag-tag"},"share_on_mastodon":{"url":"https:\/\/pubeurope.com\/@fr\/115695442113594789","error":""},"_links":{"self":[{"href":"https:\/\/www.europesays.com\/fr\/wp-json\/wp\/v2\/posts\/590712","targetHints":{"allow":["GET"]}}],"collection":[{"href":"https:\/\/www.europesays.com\/fr\/wp-json\/wp\/v2\/posts"}],"about":[{"href":"https:\/\/www.europesays.com\/fr\/wp-json\/wp\/v2\/types\/post"}],"author":[{"embeddable":true,"href":"https:\/\/www.europesays.com\/fr\/wp-json\/wp\/v2\/users\/2"}],"replies":[{"embeddable":true,"href":"https:\/\/www.europesays.com\/fr\/wp-json\/wp\/v2\/comments?post=590712"}],"version-history":[{"count":0,"href":"https:\/\/www.europesays.com\/fr\/wp-json\/wp\/v2\/posts\/590712\/revisions"}],"wp:featuredmedia":[{"embeddable":true,"href":"https:\/\/www.europesays.com\/fr\/wp-json\/wp\/v2\/media\/590713"}],"wp:attachment":[{"href":"https:\/\/www.europesays.com\/fr\/wp-json\/wp\/v2\/media?parent=590712"}],"wp:term":[{"taxonomy":"category","embeddable":true,"href":"https:\/\/www.europesays.com\/fr\/wp-json\/wp\/v2\/categories?post=590712"},{"taxonomy":"post_tag","embeddable":true,"href":"https:\/\/www.europesays.com\/fr\/wp-json\/wp\/v2\/tags?post=590712"}],"curies":[{"name":"wp","href":"https:\/\/api.w.org\/{rel}","templated":true}]}}