{"id":590720,"date":"2025-12-10T13:15:12","date_gmt":"2025-12-10T13:15:12","guid":{"rendered":"https:\/\/www.europesays.com\/fr\/590720\/"},"modified":"2025-12-10T13:15:12","modified_gmt":"2025-12-10T13:15:12","slug":"dans-le-var-leglise-du-beausset-fermee-en-urgence","status":"publish","type":"post","link":"https:\/\/www.europesays.com\/fr\/590720\/","title":{"rendered":"dans le Var, l\u2019\u00e9glise du Beausset ferm\u00e9e en urgence"},"content":{"rendered":"<p>Au <a href=\"https:\/\/www.laprovence.com\/article\/edition-la-ciotat\/3052217\/si-lhistoire-du-village-metait-contee.html\" target=\"_blank\" rel=\"noopener\">Beausset<\/a>, la mairie avait d\u00e9cid\u00e9 de r\u00e9nover l\u2019\u00e9glise Notre-Dame de l\u2019Assomption. Bien lui en a pris, car c\u2019est dans le cadre des diagnostics pr\u00e9liminaires \u00e0 cette r\u00e9fection\u00a0qu\u2019une d\u00e9pose partielle de la toiture a permis de mettre en \u00e9vidence \u00ab\u00a0l\u2019affaissement de deux poutres sur la m\u00eame zone\u00a0\u00bb.\u00a0Conclusion des experts\u00a0: \u00ab\u00a0Un risque av\u00e9r\u00e9 d\u2019effondrement si rien n\u2019\u00e9tait entrepris imm\u00e9diatement\u00a0\u00bb, avertit la municipalit\u00e9.<\/p>\n<p>Des \u00ab\u00a0travaux de confortement\u00a0\u00bb<\/p>\n<p>Dans son <a href=\"https:\/\/www.ville-lebeausset.fr\/actualites\/eglise-fermeture-preventive-pour-securisation-de-la-charpente\/\" target=\"_blank\" rel=\"noopener\">communiqu\u00e9<\/a>, la commune juge que c\u2019est \u00ab\u00a0le manque d\u2019entretien et l\u2019absence de travaux depuis des d\u00e9cennies, notamment sur la toiture\u00a0\u00bb, qui \u00ab\u00a0ont conduit \u00e0 cette situation\u00a0\u00bb. Quoi qu\u2019il en soit, l\u2019\u00e9difice religieux a \u00e9t\u00e9 ferm\u00e9 en urgence pour \u00ab\u00a0une dizaine de jours\u00a0\u00bb, le temps de mener \u00e0 bien des \u00ab\u00a0travaux de confortement\u00a0\u00bb qui consistent en \u00ab\u00a0la mise en place de deux tours d\u2019\u00e9taiement\u00a0\u00bb pour soutenir les poutres ab\u00eem\u00e9es.<\/p>\n<p>\u00ab\u00a0Ces premiers travaux de s\u00e9curisation doivent permettre une r\u00e9ouverture avant No\u00ebl, sous r\u00e9serve de bonnes conditions d\u2019intervention et de m\u00e9t\u00e9o\u00a0\u00bb, pr\u00e9vient la mairie. Pour des raisons de s\u00e9curit\u00e9, \u00ab\u00a0aucun acc\u00e8s au public ne sera possible dans l\u2019\u00e9glise durant les travaux\u00a0\u00bb.\u00a0Selon nos confr\u00e8res de <a href=\"https:\/\/www.nicematin.com\/societe\/vie-locale\/l-eglise-du-beausset-fermee-en-urgence-apres-la-decouverte-d-un-risque-imminent-d-effondrement-10660213\" target=\"_blank\" rel=\"noopener\">Var Matin<\/a>, l\u2019\u00e9difice \u00ab\u00a0a r\u00e9cemment fait l\u2019objet de travaux d\u2019\u00e9tanch\u00e9it\u00e9, qui ont r\u00e9v\u00e9l\u00e9 d\u2019autres d\u00e9sordres et n\u00e9cessit\u00e9 une \u00e9tude compl\u00e8te du b\u00e2timent, notamment apr\u00e8s qu\u2019un morceau de plafond s\u2019est d\u00e9croch\u00e9, heureusement sans faire de bless\u00e9\u00a0\u00bb.<\/p>\n","protected":false},"excerpt":{"rendered":"Au Beausset, la mairie avait d\u00e9cid\u00e9 de r\u00e9nover l\u2019\u00e9glise Notre-Dame de l\u2019Assomption. Bien lui en a pris, car&hellip;\n","protected":false},"author":2,"featured_media":590721,"comment_status":"","ping_status":"","sticky":false,"template":"","format":"standard","meta":{"footnotes":""},"categories":[9619],"tags":[17,1111,11,70410,1102,70411,1446,1777,674,1011,27,22193,12,882,25,4510,104,2310,9066,7506],"class_list":{"0":"post-590720","1":"post","2":"type-post","3":"status-publish","4":"format-standard","5":"has-post-thumbnail","7":"category-toulon","8":"tag-17","9":"tag-actu","10":"tag-actualites","11":"tag-avere","12":"tag-breakingnews","13":"tag-deffondrement","14":"tag-dans","15":"tag-eu","16":"tag-europe","17":"tag-fr","18":"tag-france","19":"tag-leglise","20":"tag-news","21":"tag-provence-alpes-cote-dazur","22":"tag-republique-francaise","23":"tag-risque","24":"tag-societe","25":"tag-toulon","26":"tag-un","27":"tag-var"},"share_on_mastodon":{"url":"https:\/\/pubeurope.com\/@fr\/115695460345640328","error":""},"_links":{"self":[{"href":"https:\/\/www.europesays.com\/fr\/wp-json\/wp\/v2\/posts\/590720","targetHints":{"allow":["GET"]}}],"collection":[{"href":"https:\/\/www.europesays.com\/fr\/wp-json\/wp\/v2\/posts"}],"about":[{"href":"https:\/\/www.europesays.com\/fr\/wp-json\/wp\/v2\/types\/post"}],"author":[{"embeddable":true,"href":"https:\/\/www.europesays.com\/fr\/wp-json\/wp\/v2\/users\/2"}],"replies":[{"embeddable":true,"href":"https:\/\/www.europesays.com\/fr\/wp-json\/wp\/v2\/comments?post=590720"}],"version-history":[{"count":0,"href":"https:\/\/www.europesays.com\/fr\/wp-json\/wp\/v2\/posts\/590720\/revisions"}],"wp:featuredmedia":[{"embeddable":true,"href":"https:\/\/www.europesays.com\/fr\/wp-json\/wp\/v2\/media\/590721"}],"wp:attachment":[{"href":"https:\/\/www.europesays.com\/fr\/wp-json\/wp\/v2\/media?parent=590720"}],"wp:term":[{"taxonomy":"category","embeddable":true,"href":"https:\/\/www.europesays.com\/fr\/wp-json\/wp\/v2\/categories?post=590720"},{"taxonomy":"post_tag","embeddable":true,"href":"https:\/\/www.europesays.com\/fr\/wp-json\/wp\/v2\/tags?post=590720"}],"curies":[{"name":"wp","href":"https:\/\/api.w.org\/{rel}","templated":true}]}}