{"id":590726,"date":"2025-12-10T13:18:16","date_gmt":"2025-12-10T13:18:16","guid":{"rendered":"https:\/\/www.europesays.com\/fr\/590726\/"},"modified":"2025-12-10T13:18:16","modified_gmt":"2025-12-10T13:18:16","slug":"choquee-et-consternee-le-temoignage-de-marie-massart-apres-laltercation-entre-elues-ecologistes-a-montpellier","status":"publish","type":"post","link":"https:\/\/www.europesays.com\/fr\/590726\/","title":{"rendered":"\u00ab\u00a0Choqu\u00e9e et constern\u00e9e\u00a0\u00bb\u00a0: le t\u00e9moignage de Marie Massart apr\u00e8s l\u2019altercation entre \u00e9lues \u00e9cologistes \u00e0 Montpellier"},"content":{"rendered":"<p>\n                                                                L\u2019adjointe au maire du groupe \u00c9cologistes pour Montpellier, Marie Massart r\u00e9agit apr\u00e8s la vive altercation avec Coralie Mantion le 6\u00a0d\u00e9cembre dernier. Une querelle qui illustre bien les dissensions radicales entre les \u00e9lus \u00e9cologistes demeur\u00e9s fid\u00e8les \u00e0 la majorit\u00e9 municipale et les \u00e9lus EELV pass\u00e9s dans l\u2019opposition.\n                            <\/p>\n<p>Le rassemblement des \u00e9cologistes organis\u00e9 r\u00e9cemment <a href=\"https:\/\/www.midilibre.fr\/2025\/12\/06\/nous-souhaitons-participer-a-un-grand-rassemblement-une-partie-des-ecologistes-montpellierains-appellent-delafosse-a-mener-lunion-pour-2026-13095077.php\" target=\"_blank\" rel=\"noopener\">place Max-Rouquette \u00e0 Montpellier<\/a>, en vue des <a href=\"https:\/\/www.midilibre.fr\/elections\/municipales\/\" target=\"_blank\" rel=\"noopener\">municipales de 2026<\/a>, devait se d\u00e9rouler dans un esprit de convivialit\u00e9. Il a finalement \u00e9t\u00e9 marqu\u00e9 par <a href=\"https:\/\/www.midilibre.fr\/2025\/12\/09\/jet-de-gobelet-cheveux-tires-scene-improbable-entre-les-elues-ecologistes-marie-massart-et-coralie-mantion-lors-dun-rassemblement-a-montpellier-13100127.php\" target=\"_blank\" rel=\"noopener\">une violente altercation, au c\u0153ur de laquelle se retrouve Marie Massart, militante et \u00e9lue<\/a>, qui a d\u00e9cid\u00e9 de porter plainte.<\/p>\n<p>Dans un t\u00e9moignage adress\u00e9 \u00e0 la presse, cette derni\u00e8re se dit \u00ab\u00a0choqu\u00e9e et constern\u00e9e\u00a0\u00bb. Elle affirme que le rassemblement, qui r\u00e9unissait des militants de gauche et \u00e9cologistes, se d\u00e9roulait \u00ab\u00a0joyeusement et paisiblement\u00a0\u00bb\u00a0lorsqu\u2019un diff\u00e9rend est survenu autour d\u2019un v\u00e9lo-cargo utilis\u00e9 pour le transport de mat\u00e9riel. Deux personnes du collectif Printemps Montpelli\u00e9rain, Coralie Mantion et Nordine Maktoubi, auraient alors, selon elle, voulu en prendre possession.<\/p>\n<p>\u00ab\u00a0Une agression\u00a0\u00bb en r\u00e8gle<\/p>\n<p>Ce qui aurait pu \u00eatre r\u00e9gl\u00e9 simplement a d\u00e9g\u00e9n\u00e9r\u00e9. Marie Massart \u00e9voque un \u00ab\u00a0coup de force d\u00e9lib\u00e9r\u00e9\u00a0\u00bb, en pr\u00e9sence notamment d\u2019un repr\u00e9sentant syndical et d\u2019une \u00e9lue d\u2019opposition. Se tenant \u00e0 l\u2019\u00e9cart de l\u2019altercation, elle d\u00e9cide de filmer la sc\u00e8ne avec son t\u00e9l\u00e9phone \u00ab\u00a0pour pouvoir en t\u00e9moigner\u00a0\u00bb. C\u2019est \u00e0 ce moment-l\u00e0, affirme-t-elle, que Coralie Mantion se serait pr\u00e9cipit\u00e9e sur elle pour lui arracher son t\u00e9l\u00e9phone, la brutalisant malgr\u00e9 ses protestations.<\/p>\n<p>\u00ab\u00a0Je lui disais d\u2019arr\u00eater, car je venais de subir une op\u00e9ration chirurgicale, ce qui ne l\u2019a pas arr\u00eat\u00e9e\u00a0\u00bb, dit-elle, contestant par ailleurs \u00ab\u00a0tout tirage de cheveu\u00a0\u00bb, d\u2019un c\u00f4t\u00e9 comme de l\u2019autre. Face \u00e0 ce qu\u2019elle qualifie \u00ab\u00a0d\u2019agression\u00a0\u00bb, Marie Massart a d\u00e9pos\u00e9 plainte.<\/p>\n<p>Rassemblement pacifique\u00a0?<\/p>\n<p>Dans son t\u00e9moignage, elle regrette profond\u00e9ment que des diff\u00e9rends politiques puissent \u00ab\u00a0nourrir une telle haine et une telle violence\u00a0\u00bb. Elle confie n\u2019avoir \u00ab\u00a0jamais imagin\u00e9\u00a0\u00bb\u00a0qu\u2019un rassemblement pacifique puisse donner lieu \u00e0 de tels faits.<\/p>\n<p>Cette affaire, qui intervient \u00e0 trois mois des \u00e9lections municipales, dans un contexte de tensions au sein des \u00e9cologistes montpelli\u00e9rains, jette une ombre sur la dynamique de rassemblement \u00e0 gauche \u00e0 Montpellier. Contact\u00e9e pour t\u00e9moigner \u00e9galement, Coralie Mantion, n\u2019a pas donn\u00e9 suite.<\/p>\n","protected":false},"excerpt":{"rendered":"L\u2019adjointe au maire du groupe \u00c9cologistes pour Montpellier, Marie Massart r\u00e9agit apr\u00e8s la vive altercation avec Coralie Mantion&hellip;\n","protected":false},"author":2,"featured_media":590727,"comment_status":"","ping_status":"","sticky":false,"template":"","format":"standard","meta":{"footnotes":""},"categories":[9599],"tags":[1111,11,1777,674,1011,27,7089,2208,12,2680,316,25],"class_list":{"0":"post-590726","1":"post","2":"type-post","3":"status-publish","4":"format-standard","5":"has-post-thumbnail","7":"category-montpellier","8":"tag-actu","9":"tag-actualites","10":"tag-eu","11":"tag-europe","12":"tag-fr","13":"tag-france","14":"tag-herault","15":"tag-montpellier","16":"tag-news","17":"tag-occitanie","18":"tag-politique","19":"tag-republique-francaise"},"share_on_mastodon":{"url":"https:\/\/pubeurope.com\/@fr\/115695472170334757","error":""},"_links":{"self":[{"href":"https:\/\/www.europesays.com\/fr\/wp-json\/wp\/v2\/posts\/590726","targetHints":{"allow":["GET"]}}],"collection":[{"href":"https:\/\/www.europesays.com\/fr\/wp-json\/wp\/v2\/posts"}],"about":[{"href":"https:\/\/www.europesays.com\/fr\/wp-json\/wp\/v2\/types\/post"}],"author":[{"embeddable":true,"href":"https:\/\/www.europesays.com\/fr\/wp-json\/wp\/v2\/users\/2"}],"replies":[{"embeddable":true,"href":"https:\/\/www.europesays.com\/fr\/wp-json\/wp\/v2\/comments?post=590726"}],"version-history":[{"count":0,"href":"https:\/\/www.europesays.com\/fr\/wp-json\/wp\/v2\/posts\/590726\/revisions"}],"wp:featuredmedia":[{"embeddable":true,"href":"https:\/\/www.europesays.com\/fr\/wp-json\/wp\/v2\/media\/590727"}],"wp:attachment":[{"href":"https:\/\/www.europesays.com\/fr\/wp-json\/wp\/v2\/media?parent=590726"}],"wp:term":[{"taxonomy":"category","embeddable":true,"href":"https:\/\/www.europesays.com\/fr\/wp-json\/wp\/v2\/categories?post=590726"},{"taxonomy":"post_tag","embeddable":true,"href":"https:\/\/www.europesays.com\/fr\/wp-json\/wp\/v2\/tags?post=590726"}],"curies":[{"name":"wp","href":"https:\/\/api.w.org\/{rel}","templated":true}]}}