{"id":590734,"date":"2025-12-10T13:23:15","date_gmt":"2025-12-10T13:23:15","guid":{"rendered":"https:\/\/www.europesays.com\/fr\/590734\/"},"modified":"2025-12-10T13:23:15","modified_gmt":"2025-12-10T13:23:15","slug":"les-occupants-de-la-bobine-evacues-de-force-par-la-police","status":"publish","type":"post","link":"https:\/\/www.europesays.com\/fr\/590734\/","title":{"rendered":"les occupants de la Bobine \u00e9vacu\u00e9s de force par la police"},"content":{"rendered":"<p class=\"article__intro\">La Bobine, ancien lieu culturel de Grenoble, a \u00e9t\u00e9 \u00e9vacu\u00e9e, ce mercredi 10 d\u00e9cembre au matin, par les forces de l&rsquo;ordre. Une trentaine de militants et de sans-abris ont \u00e9t\u00e9 oblig\u00e9s de quitter les lieux qu&rsquo;ils occupaient ill\u00e9galement depuis pr\u00e8s de trois mois.<\/p>\n<p>\n      La Quotidienne Soci\u00e9t\u00e9\n    <\/p>\n<p>\n      De la vie quotidienne aux grands enjeux, recevez tous les jours les sujets qui font la soci\u00e9t\u00e9 locale, comme la justice, l\u2019\u00e9ducation, la sant\u00e9 et la famille.\n    <\/p>\n<p>    France T\u00e9l\u00e9visions utilise votre adresse e-mail afin de vous envoyer la newsletter \u00ab\u00a0La Quotidienne Soci\u00e9t\u00e9\u00a0\u00bb. Vous pouvez vous d\u00e9sinscrire \u00e0 tout moment via le lien en bas de cette newsletter. <a target=\"_blank\" href=\"https:\/\/www.francetelevisions.fr\/groupe\/confidentialite\/politique-de-confidentialite\/politique-de-confidentialite-de-france-televisions-6503\" rel=\"noopener\">Notre politique de confidentialit\u00e9<\/a><\/p>\n<p>La trentaine d&rsquo;occupants de la Bobine, ancien lieu culturel ferm\u00e9 en juin dernier, ont \u00e9t\u00e9 \u00e9vacu\u00e9s de force ce mercredi 10 d\u00e9cembre au matin. Peu avant 10 heures, un important dispositif de police, avec pr\u00e8s d&rsquo;une cinquantaine de CRS et une douzaine de fourgons, a \u00e9t\u00e9 d\u00e9ploy\u00e9 aux abords du b\u00e2timent situ\u00e9 \u00e0 proximit\u00e9 du centre-ville de Grenoble, et <a href=\"https:\/\/france3-regions.franceinfo.fr\/auvergne-rhone-alpes\/isere\/grenoble\/greve-du-18-septembre-on-espere-rester-le-plus-longtemps-possible-des-manifestants-occupent-un-ancien-lieu-culturel-a-grenoble-3219107.html\" target=\"_blank\" rel=\"noopener noreferrer nofollow\" data-tooltip-url=\"https:\/\/france3-regions.franceinfo.fr\/auvergne-rhone-alpes\/isere\/grenoble\/greve-du-18-septembre-on-espere-rester-le-plus-longtemps-possible-des-manifestants-occupent-un-ancien-lieu-culturel-a-grenoble-3219107.html\">occup\u00e9 depuis le 18 septembre dernier<\/a> par le mouvement Bloquons Tout.<\/p>\n<p>Apr\u00e8s une derni\u00e8re sommation, les forces de l&rsquo;ordre ont s\u00e9par\u00e9 de force et expuls\u00e9 une quinzaine de militants, qui se tenaient devant l&rsquo;entr\u00e9e de la Bobine. Elles ont ensuite lib\u00e9r\u00e9 les diff\u00e9rentes entr\u00e9es du lieu et \u00e9vacu\u00e9 les derniers occupants. \u00c0 l&rsquo;issue de cette op\u00e9ration, un cordon de CRS a \u00e9t\u00e9 dispos\u00e9 tout autour du b\u00e2timent afin d&#8217;emp\u00eacher un potentiel retour des militants.<\/p>\n<p>\u00ab\u00a0On s&rsquo;est pos\u00e9 devant le b\u00e2timent pour retarder l&rsquo;ouverture, explique Stef*, un des occupants, le nez en sang. Avec ceux qui se sont interpos\u00e9s, on s&rsquo;est pris des mandales, des coups dans les tibias, des coups de matraque. La routine pour eux, comme pour nous. D&rsquo;un c\u00f4t\u00e9, il y a des personnes qui d\u00e9fendent des situations les plus humaines possibles. De l&rsquo;autre c\u00f4t\u00e9, il y a ceux qui ne se posent pas la question des cons\u00e9quences de leurs actes.\u00a0\u00bb<\/p>\n<p>    dur\u00e9e de la vid\u00e9o : 00h00mn05s<\/p>\n<p>        <img decoding=\"async\" width=\"640\" height=\"426\" class=\"article-image not-lazy\" src=\"https:\/\/www.europesays.com\/fr\/wp-content\/uploads\/2025\/11\/fallbackFr3_16_9.webp.webp\" alt=\"\" fetchpriority=\"high\"\/><\/p>\n<p>              Voir la video\u00a0(5 secondes).\u00a0<br \/>\n                  5 sec<\/p>\n<p>\n          Evacuation de la Bobine, ce mercredi 10 d\u00e9cembre.\n              <\/p>\n<p>Selon les militants de la \u00ab\u00a0Bobine occup\u00e9e\u00a0\u00bb, jusqu&rsquo;\u00e0 une trentaine de personnes sans logement pouvaient dormir tous les jours dans les locaux. Si les services du Centre communal d&rsquo;action sociale (CCAS) de Grenoble \u00e9taient pr\u00e9sents ce mercredi matin pour les prendre en charge, les militants redoutent de lourdes cons\u00e9quences pour ces sans-abris en plein mois de d\u00e9cembre : \u00ab\u00a0C&rsquo;est une catastrophe, r\u00e9agit Stef, \u00e9mu aux larmes. De savoir que ces gens, que l&rsquo;on a vu passer un par un dans le lieu, vont dormir dehors, \u00e7a brise le c\u0153ur.\u00a0\u00bb<\/p>\n<p>\u00ab\u00a0Il y a une crise du logement. Cela fait plusieurs mois que des sans-papiers et des sans-abris, qui ne demandent qu&rsquo;\u00e0 se loger, disposaient d&rsquo;un endroit o\u00f9 ils pouvaient avoir des repas gratuits et dormir au chaud. Visiblement, \u00e7a ne pla\u00eet pas \u00e0 la mairie qui a command\u00e9 une expulsion\u00a0\u00bb, poursuit-il.<\/p>\n<p>    dur\u00e9e de la vid\u00e9o : 00h00mn08s<\/p>\n<p>        <img decoding=\"async\" width=\"640\" height=\"426\" class=\"article-image not-lazy\" src=\"https:\/\/www.europesays.com\/fr\/wp-content\/uploads\/2025\/11\/fallbackFr3_16_9.webp.webp\" alt=\"\" fetchpriority=\"high\"\/><\/p>\n<p>              Voir la video\u00a0(8 secondes).\u00a0<br \/>\n                  8 sec<\/p>\n<p>\n          Les forces de l&rsquo;ordre \u00e9vacuent la Bobine.\n              <\/p>\n<p>Depuis le d\u00e9but de l&rsquo;occupation, les militants de la \u00ab\u00a0Bobine occup\u00e9e\u00a0\u00bb proposaient d&rsquo;h\u00e9berger des personnes \u00e0 l&rsquo;int\u00e9rieur de l&rsquo;ancien bar culturel mais organisaient aussi des projections, des conf\u00e9rences, ou encore des concerts dans le but d&rsquo;en faire \u00ab\u00a0un lieu d&rsquo;organisation politique, de vie et de f\u00eate\u00a0\u00bb.<\/p>\n<p>Mais ce lundi 8 d\u00e9cembre, la Ville de Grenoble, propri\u00e9taire des locaux, <a href=\"https:\/\/france3-regions.franceinfo.fr\/auvergne-rhone-alpes\/isere\/grenoble\/30-personnes-risquent-d-etre-mises-a-la-rue-les-occupants-illegaux-de-la-bobine-seront-prochainement-expulses-un-rassemblement-organise-mercredi-3263249.html\" target=\"_blank\" rel=\"noopener noreferrer nofollow\" data-tooltip-url=\"https:\/\/france3-regions.franceinfo.fr\/auvergne-rhone-alpes\/isere\/grenoble\/30-personnes-risquent-d-etre-mises-a-la-rue-les-occupants-illegaux-de-la-bobine-seront-prochainement-expulses-un-rassemblement-organise-mercredi-3263249.html\">avait pris un arr\u00eat\u00e9 municipal autorisant l&rsquo;expulsion<\/a>. Une d\u00e9cision apr\u00e8s \u00ab\u00a0plusieurs semaines de tentatives de dialogue\u00a0\u00bb, selon la mairie, mais qui n&rsquo;ont abouti sur aucune solution. \u00ab\u00a0J&rsquo;esp\u00e8re que la mairie et la M\u00e9tropole vont prendre leurs responsabilit\u00e9s. Il faut que tout l&rsquo;effort qu&rsquo;ils mettent pour virer des gens, ils le mettent aussi pour trouver de nouveaux lieux. Il y a des gens qui vivent dehors sur leur territoire, ils ne peuvent pas toujours renvoyer la balle au gouvernement en disant que c&rsquo;est de la faute de l&rsquo;\u00c9tat\u00a0\u00bb, continue Stef.<\/p>\n<p><a data-article-figure=\"\" href=\"https:\/\/france3-regions.franceinfo.fr\/image\/erQIZrr5mpM1pQ2DM5ywwMOHeGU\/1600x1200\/regions\/2025\/12\/10\/whatsapp-image-2025-12-10-at-12-17-49-6939585c8c63b308522285.jpg\" data-pswp-width=\"1600\" data-pswp-height=\"1200\" target=\"_blank\" rel=\"noopener\"><\/p>\n<p>          <img width=\"600\" height=\"400\" class=\"article-image lazy\" data-src=\"https:\/\/www.europesays.com\/fr\/wp-content\/uploads\/2025\/12\/whatsapp-image-2025-12-10-at-12-17-49-6939585c8c63b308522285.jpg\" alt=\"Un groupe d'occupants de la Bobine a \u00e9t\u00e9 s\u00e9par\u00e9 de force, ce mercredi 10 d\u00e9cembre.\" fetchpriority=\"high\" as=\"image\"\/><\/p>\n<p>\n            Un groupe d&rsquo;occupants de la Bobine a \u00e9t\u00e9 s\u00e9par\u00e9 de force, ce mercredi 10 d\u00e9cembre.<br \/>\n                           \u2022<br \/>\n                                      \u00a9 FTV\n                      <\/p>\n<p><\/a><\/p>\n<p>Apr\u00e8s la fermeture de La Bobine, la Ville de Grenoble \u00e9tait \u00e0 la recherche de repreneurs. D\u00e9but novembre, le projet de reprise port\u00e9 par le collectif citoyen \u00ab\u00a0l&rsquo;Autre Asso\u00a0\u00bb, d\u00e9sign\u00e9 par le mandataire judiciaire, <a href=\"https:\/\/france3-regions.franceinfo.fr\/auvergne-rhone-alpes\/isere\/grenoble\/nous-n-avons-pas-reussi-a-inspirer-la-confiance-le-repreneur-de-la-bobine-jette-l-eponge-le-local-toujours-occupe-3247963.html\" target=\"_blank\" rel=\"noopener noreferrer nofollow\" data-tooltip-url=\"https:\/\/france3-regions.franceinfo.fr\/auvergne-rhone-alpes\/isere\/grenoble\/nous-n-avons-pas-reussi-a-inspirer-la-confiance-le-repreneur-de-la-bobine-jette-l-eponge-le-local-toujours-occupe-3247963.html\">avait \u00e9t\u00e9 abandonn\u00e9 sur fond de difficult\u00e9s financi\u00e8res<\/a> et de tensions avec les occupants ill\u00e9gaux du site.<\/p>\n<p>Face \u00e0 cette situation, la municipalit\u00e9 avait notamment propos\u00e9 d&rsquo;autres lieux pour la poursuite du mouvement. Mais, selon les militants, les solutions avanc\u00e9es par la Ville de Grenoble n&rsquo;\u00e9taient pas \u00ab\u00a0viables\u00a0\u00bb : \u00ab\u00a0La mairie n&rsquo;a pas du tout pris en consid\u00e9ration le fait qu&rsquo;il y ait des personnes pr\u00e9caires, \u00e0 la rue, et en difficult\u00e9 sociale. Ils ont juste propos\u00e9 des alternatives avec une salle deux ou trois jours par semaine, seulement \u00e0 la journ\u00e9e et sans possibilit\u00e9 d&rsquo;h\u00e9bergement\u00a0\u00bb, d\u00e9taille Charlotte*, une des occupantes.<\/p>\n<p>\u00ab\u00a0La mairie voulait \u00e9teindre le feu, r\u00e9cup\u00e9rer rapidement la Bobine. On a essay\u00e9 de n\u00e9gocier avec eux, mais les solutions propos\u00e9es \u00e9taient une politique de fa\u00e7ade, un \u00e9cran de fum\u00e9e\u00a0\u00bb, poursuit-elle. Contact\u00e9e, la mairie a indiqu\u00e9 qu&rsquo;elle ne r\u00e9agirait qu&rsquo;apr\u00e8s la fin de l&rsquo;op\u00e9ration de police engag\u00e9e ce mercredi matin. De leurs c\u00f4t\u00e9s, les militants ont pr\u00e9vu de se rassembler, dans l&rsquo;apr\u00e8s-midi de ce mercredi, pour d\u00e9cider de la suite du mouvement.<\/p>\n<p>* les pr\u00e9noms des personnes interrog\u00e9es ont \u00e9t\u00e9 modifi\u00e9s pour pr\u00e9server leur anonymat<\/p>\n","protected":false},"excerpt":{"rendered":"La Bobine, ancien lieu culturel de Grenoble, a \u00e9t\u00e9 \u00e9vacu\u00e9e, ce mercredi 10 d\u00e9cembre au matin, par les&hellip;\n","protected":false},"author":2,"featured_media":590735,"comment_status":"","ping_status":"","sticky":false,"template":"","format":"standard","meta":{"footnotes":""},"categories":[9566],"tags":[1111,11,2430,1777,674,1011,27,2731,12,25],"class_list":{"0":"post-590734","1":"post","2":"type-post","3":"status-publish","4":"format-standard","5":"has-post-thumbnail","7":"category-grenoble","8":"tag-actu","9":"tag-actualites","10":"tag-auvergne-rhone-alpes","11":"tag-eu","12":"tag-europe","13":"tag-fr","14":"tag-france","15":"tag-grenoble","16":"tag-news","17":"tag-republique-francaise"},"share_on_mastodon":{"url":"https:\/\/pubeurope.com\/@fr\/115695492723057361","error":""},"_links":{"self":[{"href":"https:\/\/www.europesays.com\/fr\/wp-json\/wp\/v2\/posts\/590734","targetHints":{"allow":["GET"]}}],"collection":[{"href":"https:\/\/www.europesays.com\/fr\/wp-json\/wp\/v2\/posts"}],"about":[{"href":"https:\/\/www.europesays.com\/fr\/wp-json\/wp\/v2\/types\/post"}],"author":[{"embeddable":true,"href":"https:\/\/www.europesays.com\/fr\/wp-json\/wp\/v2\/users\/2"}],"replies":[{"embeddable":true,"href":"https:\/\/www.europesays.com\/fr\/wp-json\/wp\/v2\/comments?post=590734"}],"version-history":[{"count":0,"href":"https:\/\/www.europesays.com\/fr\/wp-json\/wp\/v2\/posts\/590734\/revisions"}],"wp:featuredmedia":[{"embeddable":true,"href":"https:\/\/www.europesays.com\/fr\/wp-json\/wp\/v2\/media\/590735"}],"wp:attachment":[{"href":"https:\/\/www.europesays.com\/fr\/wp-json\/wp\/v2\/media?parent=590734"}],"wp:term":[{"taxonomy":"category","embeddable":true,"href":"https:\/\/www.europesays.com\/fr\/wp-json\/wp\/v2\/categories?post=590734"},{"taxonomy":"post_tag","embeddable":true,"href":"https:\/\/www.europesays.com\/fr\/wp-json\/wp\/v2\/tags?post=590734"}],"curies":[{"name":"wp","href":"https:\/\/api.w.org\/{rel}","templated":true}]}}