{"id":590736,"date":"2025-12-10T13:24:15","date_gmt":"2025-12-10T13:24:15","guid":{"rendered":"https:\/\/www.europesays.com\/fr\/590736\/"},"modified":"2025-12-10T13:24:15","modified_gmt":"2025-12-10T13:24:15","slug":"feu-de-hangar-au-nord-de-rennes-200-tonnes-de-paille-partent-en-fumee","status":"publish","type":"post","link":"https:\/\/www.europesays.com\/fr\/590736\/","title":{"rendered":"Feu de hangar au nord de Rennes\u00a0: 200\u00a0tonnes de paille partent en fum\u00e9e"},"content":{"rendered":"<tr wp_automatic_readability=\"5.8732394366197\">\n<td valign=\"middle\" align=\"center\" class=\"col-logo\" wp_automatic_readability=\"5\">\n    <img decoding=\"async\" src=\"https:\/\/maville.com\/design\/images\/logo-of-monetise.svg?version=20130627\" alt=\"logo Ouest-France\" height=\"66\"\/><\/p>\n<p>Contenu r\u00e9serv\u00e9 aux abonn\u00e9s<\/p>\n<\/td>\n<td class=\"col-titre\">\n\t\t\tMercredi 10 d\u00e9cembre 2025 12:16<br \/>\n\t\t\t<a class=\"icon-bulle sizeL count\" href=\"#ancreAvis\"><br \/>\n\t&#8230;<br \/>\n<\/a><\/td>\n<\/tr>\n<p>\t\t<a class=\"mavillebox2 elmt-photo\" href=\"https:\/\/maville.com\/photosmvi\/2025\/12\/10\/P35631453D7102838G.jpg\" title=\" Une vingtaine de pompiers se sont rendus sur place pour \u00e9teindre le sinistre.  \u00a9  Ouest-France  \" rel=\"galerie_actu noopener\" target=\"_blank\"><br \/>\n\t<img decoding=\"async\" src=\"https:\/\/www.europesays.com\/fr\/wp-content\/uploads\/2025\/12\/P35631453D7102838G_crop_640-330_.jpg\" alt=\"photo  une vingtaine de pompiers se sont rendus sur place pour \u00e9teindre le sinistre.  \u00a9  ouest-france \"\/><br \/>\n\t2<br \/>\n<\/a><\/p>\n<p class=\"elmt-legende\"> Une vingtaine de pompiers se sont rendus sur place pour \u00e9teindre le sinistre.  \u00a9  Ouest-France  <\/p>\n<p><a class=\"mavillebox2\" href=\"https:\/\/maville.com\/photosmvi\/2025\/12\/10\/P35631454D7102838G.jpg\" title=\"En milieu de matin\u00e9e, le d\u00e9blaiement du fourrage d\u00e9truit avait commenc\u00e9. \u00a9  Ouest-France \" rel=\"galerie_actu noopener\" target=\"_blank\"><\/p>\n<p>\t\tMercredi 10\u00a0d\u00e9cembre 2025, vers 8\u00a0h, un incendie s\u2019est d\u00e9clar\u00e9 dans un hangar agricole, situ\u00e9 \u00e0 Saint-Aubin-d\u2019Aubign\u00e9 (Ille-et-Vilaine). Les 200\u00a0tonnes de paille, qui y \u00e9taient entrepos\u00e9es, ont \u00e9t\u00e9 d\u00e9truites.<\/p>\n<p><b>Cet article est r\u00e9serv\u00e9 aux abonn\u00e9s<\/b><\/p>\n<p>Pour un acc\u00e8s imm\u00e9diat, abonnez-vous<\/p>\n<p><b>1\u00e8re semaine offerte<\/b><\/p>\n<p>\t\t Benoit LE BRETON. \u00a0\u00a0<br \/>\n\t\tOuest-France<\/p>\n<p>Retrouvez d&rsquo;autres actus sur les communes de :<\/p>\n<p>\t\t&#13;<\/p>\n","protected":false},"excerpt":{"rendered":"Contenu r\u00e9serv\u00e9 aux abonn\u00e9s Mercredi 10 d\u00e9cembre 2025 12:16 &#8230; 2 Une vingtaine de pompiers se sont rendus&hellip;\n","protected":false},"author":2,"featured_media":590737,"comment_status":"","ping_status":"","sticky":false,"template":"","format":"standard","meta":{"footnotes":""},"categories":[2821],"tags":[10546,1111,11,829,1777,674,1312,1011,27,6578,22350,12,1308,30241,37510,3086,584,25,10901],"class_list":{"0":"post-590736","1":"post","2":"type-post","3":"status-publish","4":"format-standard","5":"has-post-thumbnail","7":"category-rennes","8":"tag-10546","9":"tag-actu","10":"tag-actualites","11":"tag-bretagne","12":"tag-eu","13":"tag-europe","14":"tag-feu","15":"tag-fr","16":"tag-france","17":"tag-fumee","18":"tag-hangar","19":"tag-news","20":"tag-nord","21":"tag-paille","22":"tag-partent","23":"tag-redon","24":"tag-rennes","25":"tag-republique-francaise","26":"tag-tonnes"},"share_on_mastodon":{"url":"https:\/\/pubeurope.com\/@fr\/115695496034441014","error":""},"_links":{"self":[{"href":"https:\/\/www.europesays.com\/fr\/wp-json\/wp\/v2\/posts\/590736","targetHints":{"allow":["GET"]}}],"collection":[{"href":"https:\/\/www.europesays.com\/fr\/wp-json\/wp\/v2\/posts"}],"about":[{"href":"https:\/\/www.europesays.com\/fr\/wp-json\/wp\/v2\/types\/post"}],"author":[{"embeddable":true,"href":"https:\/\/www.europesays.com\/fr\/wp-json\/wp\/v2\/users\/2"}],"replies":[{"embeddable":true,"href":"https:\/\/www.europesays.com\/fr\/wp-json\/wp\/v2\/comments?post=590736"}],"version-history":[{"count":0,"href":"https:\/\/www.europesays.com\/fr\/wp-json\/wp\/v2\/posts\/590736\/revisions"}],"wp:featuredmedia":[{"embeddable":true,"href":"https:\/\/www.europesays.com\/fr\/wp-json\/wp\/v2\/media\/590737"}],"wp:attachment":[{"href":"https:\/\/www.europesays.com\/fr\/wp-json\/wp\/v2\/media?parent=590736"}],"wp:term":[{"taxonomy":"category","embeddable":true,"href":"https:\/\/www.europesays.com\/fr\/wp-json\/wp\/v2\/categories?post=590736"},{"taxonomy":"post_tag","embeddable":true,"href":"https:\/\/www.europesays.com\/fr\/wp-json\/wp\/v2\/tags?post=590736"}],"curies":[{"name":"wp","href":"https:\/\/api.w.org\/{rel}","templated":true}]}}