{"id":590750,"date":"2025-12-10T13:32:12","date_gmt":"2025-12-10T13:32:12","guid":{"rendered":"https:\/\/www.europesays.com\/fr\/590750\/"},"modified":"2025-12-10T13:32:12","modified_gmt":"2025-12-10T13:32:12","slug":"une-personne-blessee-dans-un-incendie-et-une-creche-affectee","status":"publish","type":"post","link":"https:\/\/www.europesays.com\/fr\/590750\/","title":{"rendered":"une personne bless\u00e9e dans un incendie et une cr\u00e8che affect\u00e9e"},"content":{"rendered":"<p>                    Par<br \/>\n        <strong><br \/>\n            <a href=\"https:\/\/actu.fr\/auteur\/laure-gentil\" title=\"Consulter tous les articles de Laure Gentil\" target=\"_blank\" rel=\"noopener\">Laure Gentil<\/a><br \/>\n                    <\/strong><\/p>\n<p>        Publi\u00e9 le<\/p>\n<p>            10 d\u00e9c. 2025 \u00e0 14h23        <\/p>\n<p>Un feu s\u2019est d\u00e9clar\u00e9 dans un immeuble de Nantes, <b>rue Four\u00e9<\/b> aux alentours de midi, ce mercredi 10 d\u00e9cembre 2025. Les<b> sapeurs-pompiers de Loire-Atlantique <\/b>sont intervenus. Une personne a \u00e9t\u00e9 bless\u00e9e et la cr\u00e8che Les Petits Martiens, voisine de l\u2019immeuble concern\u00e9, a \u00e9t\u00e9 affect\u00e9e.\u00a0<\/p>\n<p>Deux lances n\u00e9cessaires<\/p>\n<p class=\" wall-content\">Selon le Service d\u00e9partemental d\u2019incendie et de secours, le feu a commenc\u00e9 dans un appartement au premier \u00e9tage de l\u2019immeuble. Les <b>16 pompiers<\/b> sur place ont d\u00fb utiliser deux lances pour \u00e9teindre les flammes. Une personne a \u00e9t\u00e9 bless\u00e9e l\u00e9g\u00e8rement apr\u00e8s avoir \u00ab\u00a0inhal\u00e9 des fum\u00e9es\u00a0\u00bb, indique le SDIS 44.<\/p>\n<p class=\" wall-content\">Personnalisez votre actualit\u00e9 en ajoutant vos villes et m\u00e9dias en favori avec <a href=\"https:\/\/moncompte.actu.fr\" title=\"D\u00e9couvez Mon Actu\" rel=\"nofollow noopener\" data-trk=\"{&quot;cta&quot;:{&quot;action&quot;:&quot;https:\\\/\\\/moncompte.actu.fr&quot;,&quot;category&quot;:&quot;mon compte&quot;,&quot;from&quot;:&quot;article footer&quot;,&quot;name&quot;:&quot;Mon actu&quot;,&quot;type&quot;:&quot;cta&quot;}}\" target=\"_blank\">Mon Actu<\/a>.<\/p>\n","protected":false},"excerpt":{"rendered":"Par Laure Gentil Publi\u00e9 le 10 d\u00e9c. 2025 \u00e0 14h23 Un feu s\u2019est d\u00e9clar\u00e9 dans un immeuble de&hellip;\n","protected":false},"author":2,"featured_media":590751,"comment_status":"","ping_status":"","sticky":false,"template":"","format":"standard","meta":{"footnotes":""},"categories":[2818],"tags":[1111,11,1777,674,118,1011,27,1310,766,12,2636,1311,25],"class_list":{"0":"post-590750","1":"post","2":"type-post","3":"status-publish","4":"format-standard","5":"has-post-thumbnail","7":"category-nantes","8":"tag-actu","9":"tag-actualites","10":"tag-eu","11":"tag-europe","12":"tag-faits-divers","13":"tag-fr","14":"tag-france","15":"tag-incendie","16":"tag-nantes","17":"tag-news","18":"tag-pays-de-la-loire","19":"tag-pompiers","20":"tag-republique-francaise"},"share_on_mastodon":{"url":"https:\/\/pubeurope.com\/@fr\/115695527193308202","error":""},"_links":{"self":[{"href":"https:\/\/www.europesays.com\/fr\/wp-json\/wp\/v2\/posts\/590750","targetHints":{"allow":["GET"]}}],"collection":[{"href":"https:\/\/www.europesays.com\/fr\/wp-json\/wp\/v2\/posts"}],"about":[{"href":"https:\/\/www.europesays.com\/fr\/wp-json\/wp\/v2\/types\/post"}],"author":[{"embeddable":true,"href":"https:\/\/www.europesays.com\/fr\/wp-json\/wp\/v2\/users\/2"}],"replies":[{"embeddable":true,"href":"https:\/\/www.europesays.com\/fr\/wp-json\/wp\/v2\/comments?post=590750"}],"version-history":[{"count":0,"href":"https:\/\/www.europesays.com\/fr\/wp-json\/wp\/v2\/posts\/590750\/revisions"}],"wp:featuredmedia":[{"embeddable":true,"href":"https:\/\/www.europesays.com\/fr\/wp-json\/wp\/v2\/media\/590751"}],"wp:attachment":[{"href":"https:\/\/www.europesays.com\/fr\/wp-json\/wp\/v2\/media?parent=590750"}],"wp:term":[{"taxonomy":"category","embeddable":true,"href":"https:\/\/www.europesays.com\/fr\/wp-json\/wp\/v2\/categories?post=590750"},{"taxonomy":"post_tag","embeddable":true,"href":"https:\/\/www.europesays.com\/fr\/wp-json\/wp\/v2\/tags?post=590750"}],"curies":[{"name":"wp","href":"https:\/\/api.w.org\/{rel}","templated":true}]}}