{"id":590752,"date":"2025-12-10T13:33:12","date_gmt":"2025-12-10T13:33:12","guid":{"rendered":"https:\/\/www.europesays.com\/fr\/590752\/"},"modified":"2025-12-10T13:33:12","modified_gmt":"2025-12-10T13:33:12","slug":"ils-veulent-8-jours-de-conges-en-plus-par-an-les-employes-des-piscines-municipales-se-mettent-en-greve","status":"publish","type":"post","link":"https:\/\/www.europesays.com\/fr\/590752\/","title":{"rendered":"Ils veulent 8 jours de cong\u00e9s en plus par an\u00a0: les employ\u00e9s des piscines municipales se mettent en gr\u00e8ve"},"content":{"rendered":"<p>\n                                                                    l&rsquo;essentiel<br \/>\n                                                                Une gr\u00e8ve illimit\u00e9e a d\u00e9but\u00e9, ce mercredi 10\u00a0d\u00e9cembre, dans les quatre piscines municipales de Bordeaux. Les agents d\u2019accueil et d\u2019entretien r\u00e9clament 8 jours suppl\u00e9mentaires de cong\u00e9s par an. Ils en ont marre des incivilit\u00e9s.\n                            <\/p>\n<p>Le calme r\u00e8gne dans les piscines municipales de Bordeaux. Les nageurs se sont heurt\u00e9s \u00e0 des portes closes, ce mercredi matin, \u00e0 l\u2019entr\u00e9e des piscines Juda\u00efque et Galin tandis que les piscines Grand Parc et Tissot restent ouvertes. Les agents d\u2019accueil et d\u2019entretien ont lanc\u00e9 une gr\u00e8ve illimit\u00e9e avec le soutien de l\u2019intersyndicale.<\/p>\n<p>Ils demandent 8 jours de cong\u00e9s suppl\u00e9mentaires dans l\u2019ann\u00e9e en guise de compensation de leurs conditions de travail. Ils citent le sol glissant, des travaux difficiles de manutention pour soulever le mat\u00e9riel qui s\u00e9pare les couloirs de nage, l\u2019humidit\u00e9 de l\u2019air ou l\u2019exposition permanente au chlore.<\/p>\n<p>Ils d\u00e9noncent aussi les insultes et agressions dont ils seraient de plus en plus victimes. L\u2019un d\u2019entre eux raconte avoir m\u00eame \u00e9t\u00e9 attaqu\u00e9 avec une cl\u00e9 par un usager.\u00a0\u00bbIls vous expliquent les r\u00e8gles, ils font votre inscription, et parfois, \u00e7a se passe mal, parce que vous n\u2019habitez pas Bordeaux ou que vous n\u2019avez pas les justificatifs\u00a0\u00bb, explique \u00e0 <a href=\"https:\/\/www.francebleu.fr\/infos\/societe\/a-bordeaux-les-employes-des-piscines-municipales-en-greve-demandent-plus-de-conges-1281299\" target=\"_blank\" rel=\"noopener\">Ici Gironde<\/a> Patrick Alvarez de la CGT Bordeaux.<\/p>\n<p>8 jours de cong\u00e9s de plus par an, c\u2019est non<\/p>\n<p>Si la mairie de Bordeaux dirig\u00e9e par l\u2019Ecologiste Pierre Hurmic reconna\u00eet \u00ab\u00a0un vrai sujet d\u2019incivilit\u00e9s\u00a0\u00bb, elle n\u2019entend pas c\u00e9der sur les jours de cong\u00e9s suppl\u00e9mentaires. Elle rappelle que 50\u00a0millions d\u2019euros ont \u00e9t\u00e9 investis pour mettre en place des d\u00e9chloraminateurs ou changer les centrales de traitement de l\u2019air dans plusieurs piscines.<\/p>\n<p>La mairie de Bordeaux envisage de mieux former ses agents pour savoir comment r\u00e9agir aux incivilit\u00e9s de la population. Pas suffisant pour le personnel. La gr\u00e8ve est pour l\u2019instant un coup d\u2019\u00e9p\u00e9e dans l\u2019eau.<\/p>\n","protected":false},"excerpt":{"rendered":"l&rsquo;essentiel Une gr\u00e8ve illimit\u00e9e a d\u00e9but\u00e9, ce mercredi 10\u00a0d\u00e9cembre, dans les quatre piscines municipales de Bordeaux. Les agents&hellip;\n","protected":false},"author":2,"featured_media":590753,"comment_status":"","ping_status":"","sticky":false,"template":"","format":"standard","meta":{"footnotes":""},"categories":[2817],"tags":[1111,11,1997,1777,674,1011,27,329,2905,12,2219,25,801,1857],"class_list":{"0":"post-590752","1":"post","2":"type-post","3":"status-publish","4":"format-standard","5":"has-post-thumbnail","7":"category-bordeaux","8":"tag-actu","9":"tag-actualites","10":"tag-bordeaux","11":"tag-eu","12":"tag-europe","13":"tag-fr","14":"tag-france","15":"tag-france-monde","16":"tag-gironde","17":"tag-news","18":"tag-nouvelle-aquitaine","19":"tag-republique-francaise","20":"tag-social","21":"tag-sociu00e9tu00e9"},"share_on_mastodon":{"url":"https:\/\/pubeurope.com\/@fr\/115695531131146135","error":""},"_links":{"self":[{"href":"https:\/\/www.europesays.com\/fr\/wp-json\/wp\/v2\/posts\/590752","targetHints":{"allow":["GET"]}}],"collection":[{"href":"https:\/\/www.europesays.com\/fr\/wp-json\/wp\/v2\/posts"}],"about":[{"href":"https:\/\/www.europesays.com\/fr\/wp-json\/wp\/v2\/types\/post"}],"author":[{"embeddable":true,"href":"https:\/\/www.europesays.com\/fr\/wp-json\/wp\/v2\/users\/2"}],"replies":[{"embeddable":true,"href":"https:\/\/www.europesays.com\/fr\/wp-json\/wp\/v2\/comments?post=590752"}],"version-history":[{"count":0,"href":"https:\/\/www.europesays.com\/fr\/wp-json\/wp\/v2\/posts\/590752\/revisions"}],"wp:featuredmedia":[{"embeddable":true,"href":"https:\/\/www.europesays.com\/fr\/wp-json\/wp\/v2\/media\/590753"}],"wp:attachment":[{"href":"https:\/\/www.europesays.com\/fr\/wp-json\/wp\/v2\/media?parent=590752"}],"wp:term":[{"taxonomy":"category","embeddable":true,"href":"https:\/\/www.europesays.com\/fr\/wp-json\/wp\/v2\/categories?post=590752"},{"taxonomy":"post_tag","embeddable":true,"href":"https:\/\/www.europesays.com\/fr\/wp-json\/wp\/v2\/tags?post=590752"}],"curies":[{"name":"wp","href":"https:\/\/api.w.org\/{rel}","templated":true}]}}