{"id":590756,"date":"2025-12-10T13:35:16","date_gmt":"2025-12-10T13:35:16","guid":{"rendered":"https:\/\/www.europesays.com\/fr\/590756\/"},"modified":"2025-12-10T13:35:16","modified_gmt":"2025-12-10T13:35:16","slug":"toulouse-defi-foyer-a-alimentation-positive","status":"publish","type":"post","link":"https:\/\/www.europesays.com\/fr\/590756\/","title":{"rendered":"Toulouse. D\u00e9fi foyer \u00e0 alimentation positive"},"content":{"rendered":"<p>            <a href=\"https:\/\/www.europesays.com\/fr\/wp-content\/uploads\/2025\/12\/legumes-article.jpg\"><img fetchpriority=\"high\" decoding=\"async\" class=\"wp-image-47281\" src=\"https:\/\/www.europesays.com\/fr\/wp-content\/uploads\/2025\/12\/legumes-article.jpg\" alt=\"Toulouse. Coup d\u2019envoi du &quot;D\u00e9fi foyers&quot; pour une alimentation saine et durable\u00a0 cdr\" width=\"600\" height=\"391\"  \/><\/a>Toulouse. Coup d\u2019envoi du \u00ab\u00a0D\u00e9fi foyers\u00a0\u00bb pour une alimentation saine et durable\u00a0<br \/>cdr<\/p>\n<p><strong>Manger mieux sans d\u00e9penser plus ? C\u2019est possible avec la 5\u00e8 \u00e9dition du D\u00e9fi foyer \u00e0 alimentation positive (DFAP) organis\u00e9 en partenariat avec l\u2019agence bio Ari\u00e8ge Garonne. Les inscriptions sont ouvertes, pour un lancement le 17 janvier 2026.<\/strong><\/p>\n<p>Tous les foyers avec ou sans enfants (\u00e9tudiants, personnes seules, couples) r\u00e9sidents dans les communes de Colomiers, Quint-Fonsegrives ou des quartiers toulousains de Jolimont-Soupetard et des Minimes peuvent y participer.<\/p>\n<p>Le DFAP vise \u00e0 faire \u00e9voluer les <a href=\"https:\/\/www.toulouseinfos.fr\/actualites\/societe\/64032-toulouse-defi-foyer-alimentation.html\" target=\"_blank\" rel=\"noopener\">pratiques alimentaires<\/a> vers une consommation de produits + durables et ce sans augmentation de budget. Pour cela, le d\u00e9fi propose aux participants de former une \u00e9quipe aupr\u00e8s de l\u2019une des 4 structures relais (association Sozinho, centre social Jolimont-Soupetard , mairies de Quint-Fonsegrives et de Colomiers).<\/p>\n<p>B\u00e9n\u00e9ficier de conseils<\/p>\n<p>Chaque mois, un temps fort sera propos\u00e9 aux \u00e9quipes pour gagner des points et b\u00e9n\u00e9ficier de conseils, astuces propices \u00e0 une meilleure alimentation. Visites de fermes, ateliers cuisine, nutrition ou d\u00e9cryptage des \u00e9tiquettes alimentaires sont au programme. Un outil de relev\u00e9 d\u2019achats accessible en ligne est aussi propos\u00e9 \u00e0 chaque participant pour chiffrer son alimentation (origine des produits consomm\u00e9s, prix etc.) et tenter de remporter des \u00abmini d\u00e9fis\u00bb individuels.<\/p>\n<p>+ d\u2019infos ou aupr\u00e8s de l\u2019agence Bio Ari\u00e8ge-Garonne : constance.malard@bio-occitanie.org<\/p>\n<p>\u00a0<\/p>\n<p style=\"text-align: right;\">La r\u00e9daction<\/p>\n","protected":false},"excerpt":{"rendered":"Toulouse. Coup d\u2019envoi du \u00ab\u00a0D\u00e9fi foyers\u00a0\u00bb pour une alimentation saine et durable\u00a0cdr Manger mieux sans d\u00e9penser plus ?&hellip;\n","protected":false},"author":2,"featured_media":590757,"comment_status":"","ping_status":"","sticky":false,"template":"","format":"standard","meta":{"footnotes":""},"categories":[2816],"tags":[1111,11,1777,674,1011,27,12,2680,25,2312],"class_list":{"0":"post-590756","1":"post","2":"type-post","3":"status-publish","4":"format-standard","5":"has-post-thumbnail","7":"category-toulouse","8":"tag-actu","9":"tag-actualites","10":"tag-eu","11":"tag-europe","12":"tag-fr","13":"tag-france","14":"tag-news","15":"tag-occitanie","16":"tag-republique-francaise","17":"tag-toulouse"},"share_on_mastodon":{"url":"https:\/\/pubeurope.com\/@fr\/115695540076883030","error":""},"_links":{"self":[{"href":"https:\/\/www.europesays.com\/fr\/wp-json\/wp\/v2\/posts\/590756","targetHints":{"allow":["GET"]}}],"collection":[{"href":"https:\/\/www.europesays.com\/fr\/wp-json\/wp\/v2\/posts"}],"about":[{"href":"https:\/\/www.europesays.com\/fr\/wp-json\/wp\/v2\/types\/post"}],"author":[{"embeddable":true,"href":"https:\/\/www.europesays.com\/fr\/wp-json\/wp\/v2\/users\/2"}],"replies":[{"embeddable":true,"href":"https:\/\/www.europesays.com\/fr\/wp-json\/wp\/v2\/comments?post=590756"}],"version-history":[{"count":0,"href":"https:\/\/www.europesays.com\/fr\/wp-json\/wp\/v2\/posts\/590756\/revisions"}],"wp:featuredmedia":[{"embeddable":true,"href":"https:\/\/www.europesays.com\/fr\/wp-json\/wp\/v2\/media\/590757"}],"wp:attachment":[{"href":"https:\/\/www.europesays.com\/fr\/wp-json\/wp\/v2\/media?parent=590756"}],"wp:term":[{"taxonomy":"category","embeddable":true,"href":"https:\/\/www.europesays.com\/fr\/wp-json\/wp\/v2\/categories?post=590756"},{"taxonomy":"post_tag","embeddable":true,"href":"https:\/\/www.europesays.com\/fr\/wp-json\/wp\/v2\/tags?post=590756"}],"curies":[{"name":"wp","href":"https:\/\/api.w.org\/{rel}","templated":true}]}}