{"id":590758,"date":"2025-12-10T13:36:15","date_gmt":"2025-12-10T13:36:15","guid":{"rendered":"https:\/\/www.europesays.com\/fr\/590758\/"},"modified":"2025-12-10T13:36:15","modified_gmt":"2025-12-10T13:36:15","slug":"moins-deau-et-moins-de-produits-chimiques-pour-nettoyer-les-ecoles-de-toulouse","status":"publish","type":"post","link":"https:\/\/www.europesays.com\/fr\/590758\/","title":{"rendered":"Moins d&rsquo;eau et moins de produits chimiques pour nettoyer les \u00e9coles de Toulouse"},"content":{"rendered":"<p class=\"PopSlotParagraph qg-tx2 qg-xtra-lh svelte-1r0pyek\">Les 213 \u00e9coles de Toulouse connaissent une petite r\u00e9volution dans leur nettoyage depuis septembre 2025. Meriem Belarbi,\u00a0la coordinatrice technique \u00ab\u00a0b\u00e2timents et hygi\u00e8ne\u00a0\u00bb \u00e0 la direction de l&rsquo;\u00e9ducation de la ville de Toulouse nous en a parl\u00e9 dans l&rsquo;Eco d&rsquo;ici, ce mercredi 10 d\u00e9cembre 2025.<\/p>\n<p> 9 fois moins d&rsquo;eau utilis\u00e9e pour le nettoyage<\/p>\n<p class=\"PopSlotParagraph qg-tx2 qg-xtra-lh svelte-1r0pyek\">Meriem Belarbi a expliqu\u00e9 que ce projet visait \u00e0 r\u00e9duire le nombre de produits et d&rsquo;eau utilis\u00e9s.\u00a0\u00ab\u00a0On a pas encore le recul pour voir les \u00e9conomies, on va bient\u00f4t le chiffrer. Mais on \u00e9tait \u00e0 28 litres d&rsquo;eau pour deux salles de classes aujourd&rsquo;hui on est sur 3 litres d&rsquo;eau\u00a0\u00bb, explique-t-elle.<\/p>\n<p class=\"PopSlotParagraph qg-tx2 qg-xtra-lh svelte-1r0pyek\">L&rsquo;id\u00e9e est \u00e9galement de r\u00e9duite les produits, \u00ab\u00a0nous sommes pass\u00e9s de cinq produits \u00e0 une centrale o\u00f9 il y a deux bidons, explique-t-elle. Les agents n&rsquo;ont plus de m\u00e9lange \u00e0 faire, plus de dilution.\u00a0\u00bb<\/p>\n<p> Une meilleure qualit\u00e9 de vie au travail<\/p>\n<p class=\"PopSlotParagraph qg-tx2 qg-xtra-lh svelte-1r0pyek\">Par ailleurs, l&rsquo;id\u00e9e est d&rsquo;am\u00e9liorer la qualit\u00e9 de vie au travail des agents charg\u00e9s du nettoyage. \u00ab\u00a0Il y a du mat\u00e9riel plus l\u00e9ger, ils et elles n&rsquo;ont plus \u00e0 presser les serpilli\u00e8res, on est sur des lavettes pr\u00e9-impr\u00e9gn\u00e9es\u00a0\u00bb, explique Meriem Belarbi.<\/p>\n<p class=\"PopSlotParagraph qg-tx2 qg-xtra-lh svelte-1r0pyek\">Ce projet Eco&rsquo;loz fait partie des laur\u00e9ats des Troph\u00e9es des H\u00e9ros Territorieux 2025, un concours qui distingue des initiatives lanc\u00e9es par des agents de la fonction publique territoriale. Il y aura une remise de prix le 17 d\u00e9cembre \u00e0 Paris, au Conseil \u00c9conomique Social et Environnemental.<\/p>\n","protected":false},"excerpt":{"rendered":"Les 213 \u00e9coles de Toulouse connaissent une petite r\u00e9volution dans leur nettoyage depuis septembre 2025. Meriem Belarbi,\u00a0la coordinatrice&hellip;\n","protected":false},"author":2,"featured_media":590759,"comment_status":"","ping_status":"","sticky":false,"template":"","format":"standard","meta":{"footnotes":""},"categories":[2816],"tags":[1111,11,1777,674,1011,27,12,2680,25,2312],"class_list":{"0":"post-590758","1":"post","2":"type-post","3":"status-publish","4":"format-standard","5":"has-post-thumbnail","7":"category-toulouse","8":"tag-actu","9":"tag-actualites","10":"tag-eu","11":"tag-europe","12":"tag-fr","13":"tag-france","14":"tag-news","15":"tag-occitanie","16":"tag-republique-francaise","17":"tag-toulouse"},"share_on_mastodon":{"url":"https:\/\/pubeurope.com\/@fr\/115695542944903305","error":""},"_links":{"self":[{"href":"https:\/\/www.europesays.com\/fr\/wp-json\/wp\/v2\/posts\/590758","targetHints":{"allow":["GET"]}}],"collection":[{"href":"https:\/\/www.europesays.com\/fr\/wp-json\/wp\/v2\/posts"}],"about":[{"href":"https:\/\/www.europesays.com\/fr\/wp-json\/wp\/v2\/types\/post"}],"author":[{"embeddable":true,"href":"https:\/\/www.europesays.com\/fr\/wp-json\/wp\/v2\/users\/2"}],"replies":[{"embeddable":true,"href":"https:\/\/www.europesays.com\/fr\/wp-json\/wp\/v2\/comments?post=590758"}],"version-history":[{"count":0,"href":"https:\/\/www.europesays.com\/fr\/wp-json\/wp\/v2\/posts\/590758\/revisions"}],"wp:featuredmedia":[{"embeddable":true,"href":"https:\/\/www.europesays.com\/fr\/wp-json\/wp\/v2\/media\/590759"}],"wp:attachment":[{"href":"https:\/\/www.europesays.com\/fr\/wp-json\/wp\/v2\/media?parent=590758"}],"wp:term":[{"taxonomy":"category","embeddable":true,"href":"https:\/\/www.europesays.com\/fr\/wp-json\/wp\/v2\/categories?post=590758"},{"taxonomy":"post_tag","embeddable":true,"href":"https:\/\/www.europesays.com\/fr\/wp-json\/wp\/v2\/tags?post=590758"}],"curies":[{"name":"wp","href":"https:\/\/api.w.org\/{rel}","templated":true}]}}