{"id":590760,"date":"2025-12-10T13:37:15","date_gmt":"2025-12-10T13:37:15","guid":{"rendered":"https:\/\/www.europesays.com\/fr\/590760\/"},"modified":"2025-12-10T13:37:15","modified_gmt":"2025-12-10T13:37:15","slug":"roubaix-la-nuit-des-arts-et-sa-fameuse-braderie-vont-rythmer-le-week-end-dans-toute-la-ville","status":"publish","type":"post","link":"https:\/\/www.europesays.com\/fr\/590760\/","title":{"rendered":"Roubaix. La nuit des arts et sa fameuse braderie vont rythmer le week-end dans toute la ville"},"content":{"rendered":"<p>                    Par<br \/>\n        <strong><br \/>\n            <a href=\"https:\/\/actu.fr\/auteur\/nicolas-demollien\" title=\"Consulter tous les articles de Nicolas Demollien\" target=\"_blank\" rel=\"noopener\">Nicolas Demollien<\/a><br \/>\n                    <\/strong><\/p>\n<p>        Publi\u00e9 le<\/p>\n<p>            10 d\u00e9c. 2025 \u00e0 13h50        <\/p>\n<p>C\u2019est un des rendez-vous les plus aim\u00e9s de l\u2019ann\u00e9e \u00e0 <a href=\"https:\/\/actu.fr\/hauts-de-france\/roubaix_59512\" target=\"_blank\" rel=\"noopener\">Roubaix<\/a> (Nord)\u2009! Ce vendredi 12\u00a0d\u00e9cembre 2025 va d\u00e9buter la traditionnelle <b>Nuit des Arts<\/b> avec <b>500 artistes expos\u00e9s dans 50 lieux<\/b>. Parmi les animations, on note \u00e9galement la <b>Braderie des arts<\/b> \u00e0 la Condition Publique samedi\u00a013 et dimanche 14\u00a0d\u00e9cembre.<\/p>\n<p>Ce qui vous attend pour la Nuit des Arts 2025 \u00e0 Roubaix<\/p>\n<p data-end=\"421\" class=\" wall-content\">Durant deux week-ends \u2014 les vendredi\u00a012, samedi\u00a013, dimanche\u00a014, puis samedi\u00a020 et dimanche 21\u00a0d\u00e9cembre \u2014 la Ville de Roubaix invite ainsi le public \u00e0 venir \u00e0 la <b>rencontre de l\u2019art \u00ab\u2009partout, pour tous et sous toutes ses formes<\/b>\u2009\u00bb.<\/p>\n<p data-end=\"421\" class=\" wall-content\">Une superbe occasion de \u00ab\u2009vivre une exp\u00e9rience artistique in\u00e9dite au moyen d\u2019une d\u00e9ambulation dans les rues de la ville et au hasard d\u2019une vitrine, d\u2019une galerie, d\u2019un commerce ou d\u2019un atelier d\u2019artiste\u2009\u00bb.<\/p>\n<p data-end=\"1181\" class=\" wall-content\">Tous les arts visuels y sont invit\u00e9s\u2009: peinture, sculpture, photographie, c\u00e9ramique, vid\u00e9o, illustration, etc., et tout un chacun peut y participer. Ainsi, <b>aux c\u00f4t\u00e9s de lieux embl\u00e9matiques<\/b> comme le Mus\u00e9e La Piscine ou de <b>lieux d\u00e9di\u00e9s<\/b> (galeries, ateliers d\u2019artiste), le programme affiche <b>aussi des commerces, des entreprises ou encore des locaux associatifs<\/b>.<\/p>\n<p data-end=\"1247\" class=\" wall-content\">Le tout avec une r\u00e8gle immuable depuis les origines\u2009: le samedi (13\u00a0d\u00e9cembre pour cette \u00e9dition), de 18\u2009h \u00e0 23\u2009h, la totalit\u00e9 des lieux sont ouverts, l\u2019entr\u00e9e est gratuite et l\u2019ensemble des artistes sont pr\u00e9sents. C\u2019est la seule obligation faite aux participants.<\/p>\n<p>Quels sont les nouveaux lieux d\u2019accueil\u2009?<\/p>\n<p data-end=\"1956\" class=\" wall-content\">Chaque saison, La Nuit des Arts accueille de nouveaux participants. Ils seront cinq en d\u00e9cembre prochain\u2009:<\/p>\n<p>Votre r\u00e9gion, votre actu !<\/p>\n<p>Recevez chaque jour les infos qui comptent pour vous.<\/p>\n<p>\t<a href=\"https:\/\/actu.fr\/newsletter\" class=\"ac-btn ac-btn--corner ac-btn--medium ac-btn--blue800\" target=\"_blank\" rel=\"noopener\">S&rsquo;incrire<\/a><\/p>\n<ul class=\" wall-content\">\n<li data-end=\"2841\"><b data-end=\"1998\">L\u2019atelier d\u2019artiste L\u2019hair de lyre<\/b>, 58 rue du Trichon\u2009: peintures de Luka Hair et Louise Carbonnier.<\/li>\n<li data-end=\"2841\"><b data-end=\"2106\">L\u2019atelier d\u2019artiste La Casa Rossa<\/b>, 28 rue du Trichon\u2009: photos et vid\u00e9os de Rossella Piccino, et atelier-conf\u00e9rence participatif \u00ab\u2009Le TAO des P\u00e2tes \u2013 Le Yin\u2009\u00bb.<\/li>\n<li data-end=\"2841\"><b data-end=\"2260\">Magasin Castel Motos<\/b>, 37 rue du Mar\u00e9chal Foch\u2009: illustrations de B\u00e9n\u00e9dicte Warin.<\/li>\n<li data-end=\"2841\"><b data-end=\"2362\">Chambre d\u2019h\u00f4te Le Bureau Cavrois<\/b>, Usine Cavrois Mahieu, 117 rue Mongolfier\u2009: gravures, peintures et c\u00e9ramiques de Didier Hamey, Julie About, Nathalie Douillard, Violaine Fayolle et Isabelle Richard.<\/li>\n<li data-end=\"2841\"><b data-end=\"2596\">Maison d\u2019art, galerie et chambre d\u2019h\u00f4te La Villa Sonneville<\/b>, 52 avenue Andr\u00e9 Ch\u00e9nier\u2009: peintures de C\u00e9dric Carr\u00e9. Lancement et d\u00e9dicace du livre Plagistes de Christophe Boulanger. La Villa Sonneville accueillera \u00e9galement l\u2019association Le Fil Rouge avec une exposition c\u00e9ramique de Jean-Claude Legrand.<\/li>\n<\/ul>\n<p data-end=\"2841\" class=\" wall-content\">Retrouvez le programme complet ci-dessous ou sur le site <a href=\"https:\/\/www.ville-roubaix.fr\/agenda\/la-nuit-des-arts-29e-edition\" target=\"_blank\" rel=\"noopener\">ville-roubaix.fr<\/a><\/p>\n<p data-end=\"2841\" class=\" wall-content\">\n<p>150 artistes \u00e0 la Braderie de l\u2019Art<\/p>\n<p data-end=\"2841\" class=\" wall-content\">La 4e Braderie de l\u2019Art par Art Point M aura lieu samedi\u00a013 de 18\u2009h \u00e0 2\u2009h et dimanche\u00a014 de 8\u2009h\u200930 \u00e0 18\u2009h \u00e0 la Condition Publique.<\/p>\n<p data-end=\"2841\" class=\" wall-content\">Vous retrouverez sur place 150 artistes, designers, makers, sculpteurs r\u00e9gionaux, nationaux et internationaux pour 24\u00a0heures magiques de cr\u00e9ation autour du recyclage artistique.<br \/>Un super moment \u00e0 chaque fois, avec de belles trouvailles.<\/p>\n<p class=\" wall-content\">Personnalisez votre actualit\u00e9 en ajoutant vos villes et m\u00e9dias en favori avec <a href=\"https:\/\/moncompte.actu.fr\" title=\"D\u00e9couvez Mon Actu\" rel=\"nofollow noopener\" data-trk=\"{&quot;cta&quot;:{&quot;action&quot;:&quot;https:\\\/\\\/moncompte.actu.fr&quot;,&quot;category&quot;:&quot;mon compte&quot;,&quot;from&quot;:&quot;article footer&quot;,&quot;name&quot;:&quot;Mon actu&quot;,&quot;type&quot;:&quot;cta&quot;}}\" target=\"_blank\">Mon Actu<\/a>.<\/p>\n","protected":false},"excerpt":{"rendered":"Par Nicolas Demollien Publi\u00e9 le 10 d\u00e9c. 2025 \u00e0 13h50 C\u2019est un des rendez-vous les plus aim\u00e9s de&hellip;\n","protected":false},"author":2,"featured_media":590761,"comment_status":"","ping_status":"","sticky":false,"template":"","format":"standard","meta":{"footnotes":""},"categories":[2815],"tags":[1111,11,1777,674,1011,27,811,1307,1652,14387,12,25],"class_list":{"0":"post-590760","1":"post","2":"type-post","3":"status-publish","4":"format-standard","5":"has-post-thumbnail","7":"category-lille","8":"tag-actu","9":"tag-actualites","10":"tag-eu","11":"tag-europe","12":"tag-fr","13":"tag-france","14":"tag-hauts-de-france","15":"tag-lille","16":"tag-loisirs-culture","17":"tag-musee-la-piscine","18":"tag-news","19":"tag-republique-francaise"},"share_on_mastodon":{"url":"https:\/\/pubeurope.com\/@fr\/115695546851981344","error":""},"_links":{"self":[{"href":"https:\/\/www.europesays.com\/fr\/wp-json\/wp\/v2\/posts\/590760","targetHints":{"allow":["GET"]}}],"collection":[{"href":"https:\/\/www.europesays.com\/fr\/wp-json\/wp\/v2\/posts"}],"about":[{"href":"https:\/\/www.europesays.com\/fr\/wp-json\/wp\/v2\/types\/post"}],"author":[{"embeddable":true,"href":"https:\/\/www.europesays.com\/fr\/wp-json\/wp\/v2\/users\/2"}],"replies":[{"embeddable":true,"href":"https:\/\/www.europesays.com\/fr\/wp-json\/wp\/v2\/comments?post=590760"}],"version-history":[{"count":0,"href":"https:\/\/www.europesays.com\/fr\/wp-json\/wp\/v2\/posts\/590760\/revisions"}],"wp:featuredmedia":[{"embeddable":true,"href":"https:\/\/www.europesays.com\/fr\/wp-json\/wp\/v2\/media\/590761"}],"wp:attachment":[{"href":"https:\/\/www.europesays.com\/fr\/wp-json\/wp\/v2\/media?parent=590760"}],"wp:term":[{"taxonomy":"category","embeddable":true,"href":"https:\/\/www.europesays.com\/fr\/wp-json\/wp\/v2\/categories?post=590760"},{"taxonomy":"post_tag","embeddable":true,"href":"https:\/\/www.europesays.com\/fr\/wp-json\/wp\/v2\/tags?post=590760"}],"curies":[{"name":"wp","href":"https:\/\/api.w.org\/{rel}","templated":true}]}}