{"id":590768,"date":"2025-12-10T13:41:21","date_gmt":"2025-12-10T13:41:21","guid":{"rendered":"https:\/\/www.europesays.com\/fr\/590768\/"},"modified":"2025-12-10T13:41:21","modified_gmt":"2025-12-10T13:41:21","slug":"la-vie-de-jesus-a-saint-bonaventure","status":"publish","type":"post","link":"https:\/\/www.europesays.com\/fr\/590768\/","title":{"rendered":"la vie de J\u00e9sus \u00e0 Saint-Bonaventure\u00a0"},"content":{"rendered":"<p>                            <img loading=\"lazy\" width=\"1200\" height=\"854\" class=\"attachment-article size-article wp-post-image lazyload\" alt=\"\" decoding=\"async\" src=\"https:\/\/www.europesays.com\/fr\/wp-content\/uploads\/2025\/12\/Theotime-Langlois-de-Swarte-\u00a9-Franck-Putigny.jpg\" data-eio-rwidth=\"1200\" data-eio-rheight=\"854\"\/><\/p>\n<p>Th\u00e9otime Langlois de Swarte \u00a9\u2002Franck Putigny<\/p>\n<p>Hallelujah ! Il est de retour. Qui ?\u00a0Le Messie\u00a0bien s\u00fbr, p\u00e9riode de No\u00ebl oblige.\u00a0<\/p>\n<p>L\u2019oratorio culte de Georg Friedrich Haendel, relatant quelques \u00e9pisodes phares de la vie de J\u00e9sus, est \u00e0 coup s\u00fbr l\u2019un des plus gros tubes du r\u00e9pertoire baroque et classique en g\u00e9n\u00e9ral. <\/p>\n<p>Fort de son rythme impeccable \u2013 savants encha\u00eenements de ch\u0153urs p\u00e9tillants et d\u2019airs d\u00e9licats \u2013,\u00a0Le Messie\u00a0se distingue \u00e9galement par son orchestration d\u2019une efficacit\u00e9 redoutable int\u00e9grant trompettes et timbales. Ce sont le ch\u0153ur et l\u2019orchestre de l\u2019Op\u00e9ra Royal emmen\u00e9s par Th\u00e9otime Langlois de Swarte qui interpr\u00e9teront ce joyau dont on ne se lasse d\u00e9cid\u00e9ment pas.<\/p>\n<p><strong>Le Messie<\/strong> \u2013 Lundi 15 d\u00e9cembre \u00e0 20 h \u00e0 la basilique Saint-Bonaventure <a href=\"http:\/\/www.lesgrandsconcerts.com\/\" target=\"_blank\" rel=\"noopener\">www.lesgrandsconcerts.com<\/a><\/p>\n","protected":false},"excerpt":{"rendered":"Th\u00e9otime Langlois de Swarte \u00a9\u2002Franck Putigny Hallelujah ! Il est de retour. Qui ?\u00a0Le Messie\u00a0bien s\u00fbr, p\u00e9riode de&hellip;\n","protected":false},"author":2,"featured_media":590769,"comment_status":"","ping_status":"","sticky":false,"template":"","format":"standard","meta":{"footnotes":""},"categories":[1889],"tags":[1111,11,2430,1777,674,1011,27,2428,12,25],"class_list":{"0":"post-590768","1":"post","2":"type-post","3":"status-publish","4":"format-standard","5":"has-post-thumbnail","7":"category-lyon","8":"tag-actu","9":"tag-actualites","10":"tag-auvergne-rhone-alpes","11":"tag-eu","12":"tag-europe","13":"tag-fr","14":"tag-france","15":"tag-lyon","16":"tag-news","17":"tag-republique-francaise"},"share_on_mastodon":{"url":"https:\/\/pubeurope.com\/@fr\/115695563402509651","error":""},"_links":{"self":[{"href":"https:\/\/www.europesays.com\/fr\/wp-json\/wp\/v2\/posts\/590768","targetHints":{"allow":["GET"]}}],"collection":[{"href":"https:\/\/www.europesays.com\/fr\/wp-json\/wp\/v2\/posts"}],"about":[{"href":"https:\/\/www.europesays.com\/fr\/wp-json\/wp\/v2\/types\/post"}],"author":[{"embeddable":true,"href":"https:\/\/www.europesays.com\/fr\/wp-json\/wp\/v2\/users\/2"}],"replies":[{"embeddable":true,"href":"https:\/\/www.europesays.com\/fr\/wp-json\/wp\/v2\/comments?post=590768"}],"version-history":[{"count":0,"href":"https:\/\/www.europesays.com\/fr\/wp-json\/wp\/v2\/posts\/590768\/revisions"}],"wp:featuredmedia":[{"embeddable":true,"href":"https:\/\/www.europesays.com\/fr\/wp-json\/wp\/v2\/media\/590769"}],"wp:attachment":[{"href":"https:\/\/www.europesays.com\/fr\/wp-json\/wp\/v2\/media?parent=590768"}],"wp:term":[{"taxonomy":"category","embeddable":true,"href":"https:\/\/www.europesays.com\/fr\/wp-json\/wp\/v2\/categories?post=590768"},{"taxonomy":"post_tag","embeddable":true,"href":"https:\/\/www.europesays.com\/fr\/wp-json\/wp\/v2\/tags?post=590768"}],"curies":[{"name":"wp","href":"https:\/\/api.w.org\/{rel}","templated":true}]}}