{"id":590770,"date":"2025-12-10T13:42:17","date_gmt":"2025-12-10T13:42:17","guid":{"rendered":"https:\/\/www.europesays.com\/fr\/590770\/"},"modified":"2025-12-10T13:42:17","modified_gmt":"2025-12-10T13:42:17","slug":"en-decembre-lorchestre-national-de-lyon-prefere-lamour-en-mer","status":"publish","type":"post","link":"https:\/\/www.europesays.com\/fr\/590770\/","title":{"rendered":"En d\u00e9cembre, l&rsquo;Orchestre national de Lyon pr\u00e9f\u00e8re l&rsquo;amour en mer"},"content":{"rendered":"<p><img loading=\"lazy\" decoding=\"async\" alt=\"\u00a9 Auditorium orchestre national de Lyon - Nikolaj Szeps-Znaider dirigera les deux concerts des 18 et 20 d\u00e9cembre \u00e0 l'Auditorium de Lyon.\" data-zoom-src=\"https:\/\/www.europesays.com\/fr\/wp-content\/uploads\/2025\/12\/initial-nikolaj-szep-snaider-credit-auditorium-orchestre-national-de-lyon.jpg\" data-zoomable=\"\" height=\"702\" src=\"https:\/\/www.europesays.com\/fr\/wp-content\/uploads\/2025\/12\/initial-nikolaj-szep-snaider-credit-auditorium-orchestre-national-de-lyon.jpg\" width=\"1248\"\/>  <\/p>\n<p class=\"article-desc\">\u00a9 Auditorium orchestre national de Lyon &#8211; Nikolaj Szeps-Znaider dirigera les deux concerts des 18 et 20 d\u00e9cembre \u00e0 l&rsquo;Auditorium de Lyon. <\/p>\n<p>En \u00e9cho \u00e0 l\u2019exposition du <strong>mus\u00e9e des Beaux-Arts<\/strong> consacr\u00e9e <a href=\"https:\/\/mesinfos.fr\/69000-lyon\/une-exposition-vertigineuse-dediee-a-etretat-au-musee-des-beaux-arts-de-lyon-235125.html\" target=\"_blank\" rel=\"noopener\">aux repr\u00e9sentations picturales de la falaise d\u2019\u00c9tretat,<\/a> ce programme rapproche deux mondes : la sensualit\u00e9 orchestrale d\u2019<strong>Ernest Chausson<\/strong> et la vivacit\u00e9 n\u00e9oclassique d\u2019<strong>Igor Stravinsky<\/strong>. <\/p>\n<p>Les 18 et 20 d\u00e9cembre 2025 sous la direction de <strong>Nikolaj Szeps-Znaider<\/strong>, <strong>ce concert de l&rsquo;Orchestre national de Lyon <\/strong>s\u2019ouvre avec le Po\u00e8me de l\u2019amour et de la mer, vaste fresque de Chausson inspir\u00e9e des vers de Maurice Bouchor. Plus qu\u2019un rivage r\u00e9el, c\u2019est une mer int\u00e9rieure qui se d\u00e9ploie, m\u00e9taphore des mar\u00e9es affectives qui traversent l\u2019existence. <\/p>\n<p>Orchestre national de Lyon : un spectacle raffin\u00e9 et th\u00e9\u00e2tral en d\u00e9cembre <\/p>\n<p>Dans cette \u0153uvre d\u2019une opulence orchestrale proche des Quatre derniers lieder de Strauss, la soprano <strong>Siobhan Stagg<\/strong>, famili\u00e8re du public lyonnais depuis sa lumineuse Rosalinde dans La chauve-souris du Nouvel An 2022, incarne ce lyrisme avec une intensit\u00e9 toute en nuances.<\/p>\n<p>Changement d\u2019atmosph\u00e8re en seconde partie avec Pulcinella, ballet p\u00e9tillant o\u00f9 Stravinsky revisite des fragments attribu\u00e9s \u00e0 Pergol\u00e8se. Avec humour et \u00e9l\u00e9gance, le compositeur r\u00e9invente l\u2019esprit baroque pour raconter les tribulations amoureuses du fac\u00e9tieux Polichinelle. La version originale de 1919, interpr\u00e9t\u00e9e ici, convoque trois voix : le t\u00e9nor <strong>Christopher Sokolowski<\/strong>, le baryton-basse <strong>Edwin Crossley-Mercer<\/strong>\u00a0et de nouveau <strong>Siobhan Stagg<\/strong>, r\u00e9unis autour de l\u2019Orchestre national de Lyon\u00a0pour une lecture auss<strong>i raffin\u00e9e<\/strong> que <strong>th\u00e9\u00e2trale<\/strong>.<\/p>\n","protected":false},"excerpt":{"rendered":"\u00a9 Auditorium orchestre national de Lyon &#8211; Nikolaj Szeps-Znaider dirigera les deux concerts des 18 et 20 d\u00e9cembre&hellip;\n","protected":false},"author":2,"featured_media":590771,"comment_status":"","ping_status":"","sticky":false,"template":"","format":"standard","meta":{"footnotes":""},"categories":[1889],"tags":[1111,11,70413,2430,1777,674,1011,27,11431,2428,12,25,3336],"class_list":{"0":"post-590770","1":"post","2":"type-post","3":"status-publish","4":"format-standard","5":"has-post-thumbnail","7":"category-lyon","8":"tag-actu","9":"tag-actualites","10":"tag-auditorium-orchestre-national-de-lyon","11":"tag-auvergne-rhone-alpes","12":"tag-eu","13":"tag-europe","14":"tag-fr","15":"tag-france","16":"tag-idu00e9es-de-sorties","17":"tag-lyon","18":"tag-news","19":"tag-republique-francaise","20":"tag-sortir-u00e0-lyon"},"share_on_mastodon":{"url":"https:\/\/pubeurope.com\/@fr\/115695567057256054","error":""},"_links":{"self":[{"href":"https:\/\/www.europesays.com\/fr\/wp-json\/wp\/v2\/posts\/590770","targetHints":{"allow":["GET"]}}],"collection":[{"href":"https:\/\/www.europesays.com\/fr\/wp-json\/wp\/v2\/posts"}],"about":[{"href":"https:\/\/www.europesays.com\/fr\/wp-json\/wp\/v2\/types\/post"}],"author":[{"embeddable":true,"href":"https:\/\/www.europesays.com\/fr\/wp-json\/wp\/v2\/users\/2"}],"replies":[{"embeddable":true,"href":"https:\/\/www.europesays.com\/fr\/wp-json\/wp\/v2\/comments?post=590770"}],"version-history":[{"count":0,"href":"https:\/\/www.europesays.com\/fr\/wp-json\/wp\/v2\/posts\/590770\/revisions"}],"wp:featuredmedia":[{"embeddable":true,"href":"https:\/\/www.europesays.com\/fr\/wp-json\/wp\/v2\/media\/590771"}],"wp:attachment":[{"href":"https:\/\/www.europesays.com\/fr\/wp-json\/wp\/v2\/media?parent=590770"}],"wp:term":[{"taxonomy":"category","embeddable":true,"href":"https:\/\/www.europesays.com\/fr\/wp-json\/wp\/v2\/categories?post=590770"},{"taxonomy":"post_tag","embeddable":true,"href":"https:\/\/www.europesays.com\/fr\/wp-json\/wp\/v2\/tags?post=590770"}],"curies":[{"name":"wp","href":"https:\/\/api.w.org\/{rel}","templated":true}]}}