{"id":590794,"date":"2025-12-10T13:55:15","date_gmt":"2025-12-10T13:55:15","guid":{"rendered":"https:\/\/www.europesays.com\/fr\/590794\/"},"modified":"2025-12-10T13:55:15","modified_gmt":"2025-12-10T13:55:15","slug":"apres-la-panne-geante-davril-lue-veut-renforcer-les-connexions-electriques-entre-lespagne-et-la-france-actualites","status":"publish","type":"post","link":"https:\/\/www.europesays.com\/fr\/590794\/","title":{"rendered":"Apr\u00e8s la panne g\u00e9ante d&rsquo;avril, l&rsquo;UE veut renforcer les connexions \u00e9lectriques entre l&rsquo;Espagne et la France : Actualit\u00e9s"},"content":{"rendered":"<p class=\"lead \">Apr\u00e8s la panne d&rsquo;\u00e9lectricit\u00e9 g\u00e9ante qui avait touch\u00e9 la p\u00e9ninsule ib\u00e9rique fin avril, la Commission europ\u00e9enne a annonc\u00e9 mercredi vouloir acc\u00e9l\u00e9rer les projets d&rsquo;interconnexions \u00e9lectriques entre la France et l&rsquo;Espagne via les Pyr\u00e9n\u00e9es, que Madrid et Lisbonne accusent r\u00e9guli\u00e8rement la France de freiner.<\/p>\n<p class=\"lead \">Une nouvelle liaison \u00e9lectrique sous-marine est en construction dans le Golfe de Gascogne, qui doit permettre de doubler la capacit\u00e9 d&rsquo;\u00e9change d&rsquo;\u00e9lectricit\u00e9 entre la France et la p\u00e9ninsule ib\u00e9rique, en la portant \u00e0 5 gigawatts. Mais le Portugal et l&rsquo;Espagne veulent aller plus loin et d\u00e9fendent depuis plusieurs ann\u00e9es le d\u00e9veloppement d&rsquo;autres lignes, pour renforcer leur approvisionnement en \u00e9lectricit\u00e9.<\/p>\n<p class=\"lead \">Peu apr\u00e8s la panne g\u00e9ante d&rsquo;\u00e9lectricit\u00e9 qui avait touch\u00e9 les deux pays le 28 avril, illustrant, selon eux, la n\u00e9cessit\u00e9 de renforcer les interconnexions, Madrid et Lisbonne avaient demand\u00e9 en \u00ab\u00a0urgence\u00a0\u00bb \u00e0 la Commission de leur apporter une \u00ab\u00a0impulsion politique\u00a0\u00bb.<\/p>\n<p class=\"lead \">Cette demande a \u00e9t\u00e9 exauc\u00e9e mercredi: la Commission a d\u00e9sign\u00e9 huit \u00ab\u00a0autoroutes europ\u00e9ennes de l&rsquo;\u00e9nergie\u00a0\u00bb, des projets d&rsquo;infrastructures d&rsquo;\u00e9lectricit\u00e9 et d&rsquo;hydrog\u00e8ne jug\u00e9s cruciaux pour s\u00e9curiser les approvisionnements et r\u00e9duire les factures pour les consommateurs, qu&rsquo;elle va chercher \u00e0 acc\u00e9l\u00e9rer. <\/p>\n<p class=\"lead \">En t\u00eate de ces projets, deux nouvelles lignes souterraines \u00e0 travers les Pyr\u00e9n\u00e9es. Un accord intergouvernemental sign\u00e9 en 2015 pr\u00e9voyait de construire une liaison enterr\u00e9e entre la Navarre ou le Pays Basque espagnol et le d\u00e9partement fran\u00e7ais des Landes, et une seconde entre l&rsquo;Aragon et les Pyr\u00e9n\u00e9es-Atlantiques. Mais ces projets sont rest\u00e9s dans les cartons.<\/p>\n<p class=\"lead \">\u00ab\u00a0Tous les pays europ\u00e9ens b\u00e9n\u00e9ficieront de plus de connexions\u00a0\u00bb et \u00ab\u00a0je pense n&rsquo;offenser personne en disant que parfois, la France s&rsquo;est montr\u00e9e r\u00e9ticente \u00e0 d\u00e9velopper ses interconnexions\u00a0\u00bb, a plaid\u00e9 le commissaire europ\u00e9en \u00e0 l&rsquo;\u00e9nergie, Dan Jorgensen, rappelant que les liaisons avec les pays voisins permettaient \u00e0 la France d&rsquo;\u00e9viter \u00ab\u00a040 blackouts\u00a0\u00bb par an.<\/p>\n<p class=\"lead \">\u00ab\u00a0Plus nous serons connect\u00e9s, plus nous aurons de possibilit\u00e9s pour r\u00e9agir\u00a0\u00bb en cas de crises \u00e9nerg\u00e9tiques, a rench\u00e9ri Teresa Ribera, vice-pr\u00e9sidente de la Commission.<\/p>\n<p class=\"lead \">Les interconnexions jouent un r\u00f4le central pour s\u00e9curiser les approvisionnements, en permettant aux pays d&rsquo;importer ou exporter de l&rsquo;\u00e9nergie en fonction de leurs besoins et en donnant la possibilit\u00e9 aux op\u00e9rateurs de se fournir au meilleur prix.<\/p>\n<p class=\"lead \">Plus g\u00e9n\u00e9ralement, la Commission veut faciliter le renouvellement et le d\u00e9veloppement des r\u00e9seaux \u00e9lectriques dans l&rsquo;ensemble de l&rsquo;UE, qui n\u00e9cessitera selon ses calculs un total de 1.200 milliards d&rsquo;euros d&rsquo;ici 2040, notamment en modernisant la r\u00e9glementation. Elle propose aussi de cr\u00e9er une nouvelle proc\u00e9dure qui lui permettrait de lancer elle-m\u00eame, en dernier ressort, des appels \u00e0 projets pour aider \u00e0 combler les manques de liaisons transfrontali\u00e8res.<\/p>\n<p class=\"lead \">En parall\u00e8le, Bruxelles a propos\u00e9 mercredi une s\u00e9rie de mesures de \u00ab\u00a0simplification\u00a0\u00bb de r\u00e8gles environnementales, visant \u00e0 r\u00e9duire les \u00ab\u00a0formalit\u00e9s\u00a0\u00bb des entreprises. La Commission veut faciliter l&rsquo;octroi de permis pour des projets jug\u00e9s strat\u00e9giques, notamment dans le domaine de l&rsquo;\u00e9nergie.<\/p>\n<p class=\"small font-weight-bold text-gray3 \"> publi\u00e9 le 10 d\u00e9cembre \u00e0 14h48, AFP<\/p>\n<p>                             Partager<\/p>\n","protected":false},"excerpt":{"rendered":"Apr\u00e8s la panne d&rsquo;\u00e9lectricit\u00e9 g\u00e9ante qui avait touch\u00e9 la p\u00e9ninsule ib\u00e9rique fin avril, la Commission europ\u00e9enne a annonc\u00e9&hellip;\n","protected":false},"author":2,"featured_media":590795,"comment_status":"","ping_status":"","sticky":false,"template":"","format":"standard","meta":{"footnotes":""},"categories":[1586],"tags":[21335,14427,11,1771,123,1777,674,1779,1011,27,421,6205,12,6996,25,1778,364],"class_list":{"0":"post-590794","1":"post","2":"type-post","3":"status-publish","4":"format-standard","5":"has-post-thumbnail","7":"category-europe","8":"tag-lectricit","9":"tag-nergie","10":"tag-actualites","11":"tag-btp","12":"tag-espagne","13":"tag-eu","14":"tag-europe","15":"tag-european-union","16":"tag-fr","17":"tag-france","18":"tag-lois","19":"tag-marchs","20":"tag-news","21":"tag-portugal","22":"tag-republique-francaise","23":"tag-ue","24":"tag-union-europeenne"},"share_on_mastodon":{"url":"https:\/\/pubeurope.com\/@fr\/115695617671748874","error":""},"_links":{"self":[{"href":"https:\/\/www.europesays.com\/fr\/wp-json\/wp\/v2\/posts\/590794","targetHints":{"allow":["GET"]}}],"collection":[{"href":"https:\/\/www.europesays.com\/fr\/wp-json\/wp\/v2\/posts"}],"about":[{"href":"https:\/\/www.europesays.com\/fr\/wp-json\/wp\/v2\/types\/post"}],"author":[{"embeddable":true,"href":"https:\/\/www.europesays.com\/fr\/wp-json\/wp\/v2\/users\/2"}],"replies":[{"embeddable":true,"href":"https:\/\/www.europesays.com\/fr\/wp-json\/wp\/v2\/comments?post=590794"}],"version-history":[{"count":0,"href":"https:\/\/www.europesays.com\/fr\/wp-json\/wp\/v2\/posts\/590794\/revisions"}],"wp:featuredmedia":[{"embeddable":true,"href":"https:\/\/www.europesays.com\/fr\/wp-json\/wp\/v2\/media\/590795"}],"wp:attachment":[{"href":"https:\/\/www.europesays.com\/fr\/wp-json\/wp\/v2\/media?parent=590794"}],"wp:term":[{"taxonomy":"category","embeddable":true,"href":"https:\/\/www.europesays.com\/fr\/wp-json\/wp\/v2\/categories?post=590794"},{"taxonomy":"post_tag","embeddable":true,"href":"https:\/\/www.europesays.com\/fr\/wp-json\/wp\/v2\/tags?post=590794"}],"curies":[{"name":"wp","href":"https:\/\/api.w.org\/{rel}","templated":true}]}}