{"id":590798,"date":"2025-12-10T13:57:17","date_gmt":"2025-12-10T13:57:17","guid":{"rendered":"https:\/\/www.europesays.com\/fr\/590798\/"},"modified":"2025-12-10T13:57:17","modified_gmt":"2025-12-10T13:57:17","slug":"annonces-ambiance-securite-suivez-notre-direct","status":"publish","type":"post","link":"https:\/\/www.europesays.com\/fr\/590798\/","title":{"rendered":"annonces, ambiance, s\u00e9curit\u00e9&#8230; suivez notre direct"},"content":{"rendered":"<p>                    Par<br \/>\n        <strong><br \/>\n            <a href=\"https:\/\/actu.fr\/auteur\/samuel-sauneuf\" title=\"Consulter tous les articles de Samuel Sauneuf\" target=\"_blank\" rel=\"noopener\">Samuel Sauneuf<\/a><br \/>\n                    <\/strong><\/p>\n<p>        Publi\u00e9 le<\/p>\n<p>            10 d\u00e9c. 2025 \u00e0 14h34<br \/>\n        ; mis \u00e0 jour le 10 d\u00e9c. 2025 \u00e0 14h54    <\/p>\n<p>Branle-bas de combat dans la cit\u00e9 corsaire de <a href=\"https:\/\/actu.fr\/bretagne\/saint-malo_35288\" target=\"_blank\" rel=\"noopener\">Saint-Malo<\/a> (Ille-et-Vilaine) ce mercredi 10 d\u00e9cembre 2025, qui accueille le pr\u00e9sident de la R\u00e9publique <a href=\"https:\/\/actu.fr\/tag\/emmanuel-macron\" target=\"_blank\" rel=\"noopener\">Emmanuel Macron<\/a>.<\/p>\n<p class=\" wall-content\">Le chef de l\u2019Etat est attendu \u00e0 15h au quai St-Malo, pr\u00e8s du bassin Duguay-Trouin, o\u00f9 il r\u00e9pondra aux questions des lecteurs de Ouest-France, d\u2019<a href=\"https:\/\/actu.fr\/\" target=\"_blank\" rel=\"noopener\">Actu.fr<\/a> (dont fait partie Le Pays Malouin) et des spectateurs de la cha\u00eene Novo 19.\u00a0<\/p>\n<p class=\" wall-content\">Plusieurs th\u00e8mes seront abord\u00e9s : les <a href=\"https:\/\/actu.fr\/tag\/reseaux-sociaux\" target=\"_blank\" rel=\"noopener\">r\u00e9seaux sociaux<\/a> et les jeunes, les r\u00e9seaux sociaux et la d\u00e9mocratie, les r\u00e9seaux sociaux et le d\u00e9fi climatique, etc.<\/p>\n<p class=\" wall-content\">La venue \u00e0 Saint-Malo du pr\u00e9sident de la R\u00e9publique s\u2019inscrit dans le cadre d\u2019un tour de France \u00e0 la rencontre des lecteurs de la presse r\u00e9gionale sur les enjeux d\u00e9mocratiques \u00e0 l\u2019heure des r\u00e9seaux sociaux et des algorithmes.<\/p>\n<p class=\" wall-content\">Suivez notre direct :<\/p>\n<p>Vid\u00e9os : en ce moment sur ActuEmmanuel Macron est au restaurant La Licorne<\/p>\n<p class=\" wall-content\">Le chef de l\u2019Etat d\u00e9jeune actuellement Intra-Muros, au restaurant La Licorne, tenu par la famille Hector.<\/p>\n<p>    <img   decoding=\"async\" loading=\"lazy\" class=\"size-large\" src=\"https:\/\/www.europesays.com\/fr\/wp-content\/uploads\/2025\/12\/4384177b79396d784177b7939ab841v-960x640.jpg\" alt=\"Les abords s\u00e9curis\u00e9s de la place Chateaubriand o\u00f9 se trouve le restaurant La Licorne, Intra-Muros.\" width=\"960\" height=\"640\"\/><br \/>\n    Les abords s\u00e9curis\u00e9s de la place Chateaubriand o\u00f9 se trouve le restaurant La Licorne, Intra-Muros. \u00a9Le Pays Malouin \/ T.S<\/p>\n<p>Votre r\u00e9gion, votre actu !<\/p>\n<p>Recevez chaque jour les infos qui comptent pour vous.<\/p>\n<p>\t<a href=\"https:\/\/actu.fr\/newsletter\" class=\"ac-btn ac-btn--corner ac-btn--medium ac-btn--blue800\" target=\"_blank\" rel=\"noopener\">S&rsquo;incrire<\/a><\/p>\n<p class=\" wall-content\">Voici la vid\u00e9o prise quelques instants plus t\u00f4t lors de l\u2019arriv\u00e9e du cort\u00e8ge pr\u00e9sidentiel \u00e0 Saint-Malo.<\/p>\n<blockquote class=\"tiktok-embed\" cite=\"https:\/\/www.tiktok.com\/@lepaysmalouin\/video\/7582220880105835798\" data-video-id=\"7582220880105835798\" data-embed-from=\"oembed\" style=\"max-width:605px; min-width:325px;\"><p>\n<a target=\"_blank\" title=\"@lepaysmalouin\" href=\"https:\/\/www.tiktok.com\/@lepaysmalouin?refer=embed\" rel=\"noopener\">@lepaysmalouin<\/a> <\/p>\n<p>Emmanuel Macron vient d\u2019arriver  \u00e0 Saint-Malo<\/p>\n<p> <a target=\"_blank\" title=\"\u266c son original - Just Louis de Fun\u00e8s\" href=\"https:\/\/www.tiktok.com\/music\/son-original-7395884284969634593?refer=embed\" rel=\"noopener\">\u266c son original \u2013 Just Louis de Fun\u00e8s<\/a> <\/p>\n<\/blockquote>\n<p>Les lecteurs prennent place<\/p>\n<p class=\" wall-content\">Les 280 lecteurs s\u2019installent au coeur du quai St-Malo o\u00f9 auront lieu les d\u00e9bats avec le pr\u00e9sident de la R\u00e9publique.<\/p>\n<p>    <img   decoding=\"async\" loading=\"lazy\" class=\"size-large\" src=\"https:\/\/www.europesays.com\/fr\/wp-content\/uploads\/2025\/12\/f82432b6793965d2432b6793931343v-960x640.jpg\" alt=\"Le public attend l'arriv\u00e9e d'Emmanuel Macron.\" width=\"960\" height=\"640\"\/><br \/>\n    25 \u00e9l\u00e8ves de 2nde du lyc\u00e9e Sevign\u00e9 (Cesson Sevign\u00e9) sont pr\u00e9sents. Ils ont pr\u00e9vu d\u2019interroger le pr\u00e9sident sur les r\u00e9seaux sociaux et l\u2019environnement. \u00a9Le Pays Malouin \/ BRLes drones interdits dans le ciel malouin<\/p>\n<p class=\" wall-content\">Un arr\u00eat\u00e9 pr\u00e9fectoral interdit le survol d\u2019une partie de Saint-Malo. \u00ab\u00a0Les forces de s\u00e9curit\u00e9 int\u00e9rieure pourront recourir \u00e0 des dispositifs de neutralisation, dont le brouillage, afin de rendre inop\u00e9rant tout engin volant \u00e9voluant dans le p\u00e9rim\u00e8tre concern\u00e9\u00a0\u00bb, fait savoir la Pr\u00e9fecture d\u2019Ille-et-Vilaine.<\/p>\n<p>Arriv\u00e9e pr\u00e9vue \u00e0 l\u2019a\u00e9roport de Pleurtuit<\/p>\n<p class=\" wall-content\">Le Falcon d\u2019Emmanuel Macron doit se poser \u00e0 l\u2019a\u00e9roport de Saint-Malo-Dinard-Pleurtuit. Le convoi pr\u00e9sidentiel et son escorte prendront ensuite la route de Saint-Malo via le barrage de la Rance. De nombreux CRS sont d\u00e9j\u00e0 en poste pr\u00e8s de l\u2019usine mar\u00e9motrice.\u00a0<\/p>\n<p>S\u00e9curit\u00e9 renforc\u00e9e \u00e0 Saint-Malo<\/p>\n<p class=\" wall-content\">Plusieurs dizaines de CRS, venus notamment de Bordeaux, sont arriv\u00e9s \u00e0 Saint-Malo d\u00e8s hier soir. 85 chambres \u00e9taient, autres, r\u00e9serv\u00e9es \u00e0 l\u2019h\u00f4tel Kyriad.\u00a0<\/p>\n<p>Une annonce qui avait fait du bruit<\/p>\n<p class=\" wall-content\">C\u2019est \u00e0 l\u2019occasion de ce tour de France, lors de son passage <a href=\"https:\/\/actu.fr\/grand-est\/mirecourt_88304\/emmanuel-macron-etait-en-lorraine-ce-vendredi-ce-qu-il-faut-retenir-de-sa-visite_63504865.html\" target=\"_blank\" rel=\"noopener\">en Lorraine le 28 novembre<\/a> dernier, qu\u2019Emmanuel Macron avait annonc\u00e9 qu\u2019il allait \u00ab\u00a0sans doute\u00a0\u00bb \u00e9largir au lyc\u00e9e l\u2019interdiction du t\u00e9l\u00e9phone portable \u00e0 partir de la prochaine rentr\u00e9e. Une sortie publique qui a, depuis, fait beaucoup r\u00e9agir.<\/p>\n<p>Une premi\u00e8re pr\u00e9sidentielle depuis 27 ans<\/p>\n<p class=\" wall-content\">Saint-Malo n\u2019a plus accueilli de pr\u00e9sident de la R\u00e9publique fran\u00e7aise en exercice depuis 27 ans et la venue d\u2019un certain Jacques Chirac pour le sommet franco-britannique de 1998 aux c\u00f4t\u00e9s du premier ministre anglais Tony Blair. \u00ab\u00a0J\u2019ai le souvenir d\u2019un Chirac tel qu\u2019il \u00e9tait : chaleureux, avenant, curieux de tout en particulier de l\u2019histoire de Saint-Malo et bien s\u00fbr avec un grand sens de l\u2019humour\u00a0\u00bb, avait racont\u00e9 quelques ann\u00e9es plus tard le maire de l\u2019\u00e9poque Ren\u00e9 Couanau.<\/p>\n<p class=\" wall-content\">Personnalisez votre actualit\u00e9 en ajoutant vos villes et m\u00e9dias en favori avec <a href=\"https:\/\/moncompte.actu.fr\" title=\"D\u00e9couvez Mon Actu\" rel=\"nofollow noopener\" data-trk=\"{&quot;cta&quot;:{&quot;action&quot;:&quot;https:\\\/\\\/moncompte.actu.fr&quot;,&quot;category&quot;:&quot;mon compte&quot;,&quot;from&quot;:&quot;article footer&quot;,&quot;name&quot;:&quot;Mon actu&quot;,&quot;type&quot;:&quot;cta&quot;}}\" target=\"_blank\">Mon Actu<\/a>.<\/p>\n<p>                    <script async src=\"\/\/www.tiktok.com\/embed.js\"><\/script><\/p>\n","protected":false},"excerpt":{"rendered":"Par Samuel Sauneuf Publi\u00e9 le 10 d\u00e9c. 2025 \u00e0 14h34 ; mis \u00e0 jour le 10 d\u00e9c. 2025&hellip;\n","protected":false},"author":2,"featured_media":590799,"comment_status":"","ping_status":"","sticky":false,"template":"","format":"standard","meta":{"footnotes":""},"categories":[2],"tags":[11,1129,1073,1011,27,12,316,25,938],"class_list":{"0":"post-590798","1":"post","2":"type-post","3":"status-publish","4":"format-standard","5":"has-post-thumbnail","7":"category-actualites","8":"tag-actualites","9":"tag-climat","10":"tag-emmanuel-macron","11":"tag-fr","12":"tag-france","13":"tag-news","14":"tag-politique","15":"tag-republique-francaise","16":"tag-reseaux-sociaux"},"share_on_mastodon":{"url":"https:\/\/pubeurope.com\/@fr\/115695626533779554","error":""},"_links":{"self":[{"href":"https:\/\/www.europesays.com\/fr\/wp-json\/wp\/v2\/posts\/590798","targetHints":{"allow":["GET"]}}],"collection":[{"href":"https:\/\/www.europesays.com\/fr\/wp-json\/wp\/v2\/posts"}],"about":[{"href":"https:\/\/www.europesays.com\/fr\/wp-json\/wp\/v2\/types\/post"}],"author":[{"embeddable":true,"href":"https:\/\/www.europesays.com\/fr\/wp-json\/wp\/v2\/users\/2"}],"replies":[{"embeddable":true,"href":"https:\/\/www.europesays.com\/fr\/wp-json\/wp\/v2\/comments?post=590798"}],"version-history":[{"count":0,"href":"https:\/\/www.europesays.com\/fr\/wp-json\/wp\/v2\/posts\/590798\/revisions"}],"wp:featuredmedia":[{"embeddable":true,"href":"https:\/\/www.europesays.com\/fr\/wp-json\/wp\/v2\/media\/590799"}],"wp:attachment":[{"href":"https:\/\/www.europesays.com\/fr\/wp-json\/wp\/v2\/media?parent=590798"}],"wp:term":[{"taxonomy":"category","embeddable":true,"href":"https:\/\/www.europesays.com\/fr\/wp-json\/wp\/v2\/categories?post=590798"},{"taxonomy":"post_tag","embeddable":true,"href":"https:\/\/www.europesays.com\/fr\/wp-json\/wp\/v2\/tags?post=590798"}],"curies":[{"name":"wp","href":"https:\/\/api.w.org\/{rel}","templated":true}]}}