{"id":590800,"date":"2025-12-10T13:58:16","date_gmt":"2025-12-10T13:58:16","guid":{"rendered":"https:\/\/www.europesays.com\/fr\/590800\/"},"modified":"2025-12-10T13:58:16","modified_gmt":"2025-12-10T13:58:16","slug":"segolene-royal-la-france-ne-serait-pas-dans-cet-etat-si-javais-ete-elue","status":"publish","type":"post","link":"https:\/\/www.europesays.com\/fr\/590800\/","title":{"rendered":"S\u00e9gol\u00e8ne Royal\u00a0: \u00ab\u00a0La France ne serait pas dans cet \u00e9tat si j\u2019avais \u00e9t\u00e9 \u00e9lue\u00a0\u00bb"},"content":{"rendered":"<p>\n                                                                    l&rsquo;essentiel<br \/>\n                                                                Candidate \u00e0 l\u2019\u00e9lection pr\u00e9sidentielle de 2007, battue par Nicolas Sarkozy, S\u00e9gol\u00e8ne Royal estime que la France serait dans un autre \u00e9tat si elle avait \u00e9t\u00e9 \u00e9lue \u00e0 l\u2019Elys\u00e9e. Elle demande \u00ab\u00a0l\u2019inversion des r\u00e9sultats\u00a0\u00bb.\n                            <\/p>\n<p>S\u00e9gol\u00e8ne Royal 46,94\u00a0%, Nicolas Sarkozy 53,06\u00a0%. Le 6\u00a0mai 2007, le vote des Fran\u00e7ais faisait entrer Nicolas Sarkozy \u00e0 Elys\u00e9e. Dix-huit ans plus tard, apr\u00e8s un mandat de Nicolas Sarkozy, 5 ans de Fran\u00e7ois Hollande et deux quinquennats d\u2019Emmanuel Macron, S\u00e9gol\u00e8ne Royal estime que son \u00e9lection aurait tout chang\u00e9.<\/p>\n<p>\u00ab\u00a0La France ne serait pas dans l\u2019\u00e9tat dans lequel nous sommes si j\u2019avais \u00e9t\u00e9 \u00e9lue pr\u00e9sidente de la R\u00e9publique, j\u2019en suis convaincue\u00a0\u00bb, estime-t-elle dans une interview au m\u00e9dia digital <a href=\"https:\/\/www.lecrayongroupe.fr\/\" target=\"_blank\" rel=\"noopener\">Le Crayon<\/a>. Elle d\u00e9taille ce qu\u2019elle aurait fait si elle avait \u00e9t\u00e9 port\u00e9e au pouvoir. \u00ab\u00a0Sur l\u2019environnement, on serait une grande puissance \u00e9cologique. On aurait notre agriculture, bien s\u00fbr. L\u2019\u00e9ducation serait rest\u00e9e une des priorit\u00e9s cruciales. Je n\u2019aurais pas laiss\u00e9 s\u2019effondrer le syst\u00e8me de sant\u00e9. Et surtout j\u2019aurais r\u00e9orient\u00e9 les jeunes vers toutes les fili\u00e8res industrielles du futur\u00a0\u00bb.<\/p>\n<p>S\u00e9gol\u00e8ne Royal en veut pour preuve son exp\u00e9rience \u00e0 la t\u00eate de l\u2019ancienne r\u00e9gion Poitou-Charentes. \u00ab\u00a0J\u2019ai dirig\u00e9 une autre r\u00e9gion. \u00c7a n\u2019avait rien \u00e0 avoir avec une autre r\u00e9gion. En mati\u00e8re de culture, en mati\u00e8re de jeunesse [\u2026] en mati\u00e8re d\u2019int\u00e9gration du handicap, en mati\u00e8re de d\u00e9veloppement des \u00e9nergies renouvelables, j\u2019ai m\u00eame fait une usine de voitures \u00e9lectriques avant l\u2019heure\u00a0\u00bb, explique-t-elle au public jeune du m\u00e9dia Le Crayon. L\u2019usine Mia Electric avait finalement \u00e9t\u00e9 plac\u00e9e en liquidation judiciaire en mars\u00a02014.<\/p>\n<blockquote cite=\"https:\/\/www.tiktok.com\/@lecrayonmedia\/video\/7581930901072923926\" data-video-id=\"7581930901072923926\" style=\"max-width: 605px;min-width: 325px;\" data-class=\"tiktok-embed\"><p>  <a target=\"_blank\" title=\"@lecrayonmedia\" href=\"https:\/\/www.tiktok.com\/@lecrayonmedia?refer=embed\" rel=\"noopener\">@lecrayonmedia<\/a> <\/p>\n<p>\u00ab Si j\u2019avais \u00e9t\u00e9 pr\u00e9sidente, on serait une grande puissance \u00e9cologique \u00bb On a re\u00e7u S\u00e9gol\u00e8ne Royal, femme politique fran\u00e7aise, ancienne ministre et premi\u00e8re femme \u00e0 acc\u00e9der au second tour de l\u2019\u00e9lection pr\u00e9sidentielle en 2007. Elle publie \u00ab Mais qui va garder les enfants ?\u00a0\u00bb\u00a0aux \u00e9ditions Fayard. \u2014  Le Crayon, c\u2019est le m\u00e9dia qui ose la contradiction pour mieux r\u00e9unir la soci\u00e9t\u00e9 fran\u00e7aise. Apartisan, gratuit et populaire, on propose chaque jour des r\u00e9flexions sur les grands enjeux de notre \u00e9poque. ? Abonne-toi \u00e0\u00a0@lecrayonmedia\u00a0pour ne rien rater.<\/p>\n<p> <a target=\"_blank\" title=\"\u266c original sound  - Le Crayon \u270f\ufe0f\" href=\"https:\/\/www.tiktok.com\/music\/original-sound-Le-Crayon-%E2%9C%8F%EF%B8%8F-7581930946566884118?refer=embed\" rel=\"noopener\">\u266c original sound  &#8211; Le Crayon \u270f\ufe0f<\/a>  <\/p><\/blockquote>\n<p>Pas de doute pour S\u00e9gol\u00e8ne Royal\u00a0: \u00ab\u00a0Si la France avait \u00e9t\u00e9 sur le mod\u00e8le de la r\u00e9gion Poitou-Charentes en mati\u00e8re d\u2019anticipation, de transition \u00e9nerg\u00e9tique et \u00e9cologique, \u00e7a aurait \u00e9t\u00e9 formidable. On n\u2019aurait pas subi cette crise du prix de l\u2019\u00e9nergie. Si j\u2019avais \u00e9t\u00e9 pr\u00e9sidente de la R\u00e9publique, tous les b\u00e2timents, tous les logements de tout le pays seraient en \u00e9tat d\u2019\u00e9nergie positive, seraient isol\u00e9s. Les Fran\u00e7ais auraient quasiment z\u00e9ro de facture \u00e9lectrique\u2026\u00a0\u00bb<\/p>\n<p>Nicolas Sarkozy\u00a0: \u00ab\u00a0Un mafieux\u00a0\u00bb, selon S\u00e9gol\u00e8ne Royal<\/p>\n<p>Dix-huit ans plus tard, <a href=\"https:\/\/www.ladepeche.fr\/2025\/09\/25\/nicolas-sarkozy-que-signifie-sa-condamnation-pour-association-de-malfaiteurs-12952416.php\" target=\"_blank\" rel=\"noopener\">Nicolas Sarkozy a \u00e9t\u00e9 jug\u00e9 coupable<\/a> \u2013 ce qu\u2019il nie \u2013 d\u2019avoir utilis\u00e9 de l\u2019argent libyen et d\u00e9pass\u00e9 le plafond des comptes de campagne pour la pr\u00e9sidentielle de 2007. <a href=\"https:\/\/www.ladepeche.fr\/2025\/11\/10\/nicolas-sarkozy-libere-apres-20-jours-de-prison-pourquoi-la-justice-la-remis-en-liberte-13044104.php\" target=\"_blank\" rel=\"noopener\">Lib\u00e9r\u00e9 apr\u00e8s 3 semaines de prison<\/a>, il sera jug\u00e9 en appel au printemps 2026.<\/p>\n<blockquote cite=\"https:\/\/www.tiktok.com\/@lecrayonmedia\/video\/7579967646754426134\" data-video-id=\"7579967646754426134\" style=\"max-width: 605px;min-width: 325px;\" data-class=\"tiktok-embed\"><p>  <a target=\"_blank\" title=\"@lecrayonmedia\" href=\"https:\/\/www.tiktok.com\/@lecrayonmedia?refer=embed\" rel=\"noopener\">@lecrayonmedia<\/a> <\/p>\n<p>S\u00e9gol\u00e8ne Royal conteste la \u201cle\u00e7on de leadership\u201d de Nicolas Sarkozy On a re\u00e7u S\u00e9gol\u00e8ne Royal, femme politique fran\u00e7aise, ancienne ministre et premi\u00e8re femme \u00e0 acc\u00e9der au second tour de l\u2019\u00e9lection pr\u00e9sidentielle en 2007. Elle publie \u00ab Mais qui va garder les enfants ?\u00a0\u00bb\u00a0aux \u00e9ditions Fayard. \u2014  Le Crayon, c\u2019est le m\u00e9dia qui ose la contradiction pour mieux r\u00e9unir la soci\u00e9t\u00e9 fran\u00e7aise. Apartisan, gratuit et populaire, on propose chaque jour des r\u00e9flexions sur les grands enjeux de notre \u00e9poque. ? Abonne-toi \u00e0\u00a0@lecrayonmedia\u00a0pour ne rien rater.<\/p>\n<p> <a target=\"_blank\" title=\"\u266c son original  - Le Crayon \u270f\ufe0f\" href=\"https:\/\/www.tiktok.com\/music\/son-original-Le-Crayon-%E2%9C%8F%EF%B8%8F-7579967667931564822?refer=embed\" rel=\"noopener\">\u266c son original  &#8211; Le Crayon \u270f\ufe0f<\/a>  <\/p><\/blockquote>\n<p>S\u00e9gol\u00e8ne Royal a la dent dure contre celui qui l\u2019a battue. \u00ab\u00a0C\u2019est un mafieux. Il se retrouve en prison pour avoir vol\u00e9, trich\u00e9\u00a0\u00bb. La socialiste reste persuad\u00e9e que si Nicolas Sarkozy avait \u00e9t\u00e9 loyal, elle aurait pu gagner. \u00ab\u00a0La meilleure sanction aurait \u00e9t\u00e9 l\u2019inversion des r\u00e9sultats\u00a0\u00bb, estime-t-elle. Et de faire une comparaison avec le Bac ou un dipl\u00f4me dans le sup\u00e9rieur. \u00ab\u00a0Celui qui triche \u00e0 un examen, on lui donne pas le dipl\u00f4me\u00a0\u00bb.<\/p>\n<p>                                                                                                                                                                                                        <script async src=\"\/\/www.tiktok.com\/embed.js\"><\/script><\/p>\n","protected":false},"excerpt":{"rendered":"l&rsquo;essentiel Candidate \u00e0 l\u2019\u00e9lection pr\u00e9sidentielle de 2007, battue par Nicolas Sarkozy, S\u00e9gol\u00e8ne Royal estime que la France serait&hellip;\n","protected":false},"author":2,"featured_media":590801,"comment_status":"","ping_status":"","sticky":false,"template":"","format":"standard","meta":{"footnotes":""},"categories":[4],"tags":[11,1011,27,329,12,316,25,37919],"class_list":{"0":"post-590800","1":"post","2":"type-post","3":"status-publish","4":"format-standard","5":"has-post-thumbnail","7":"category-france","8":"tag-actualites","9":"tag-fr","10":"tag-france","11":"tag-france-monde","12":"tag-news","13":"tag-politique","14":"tag-republique-francaise","15":"tag-u00c9lections"},"share_on_mastodon":{"url":"https:\/\/pubeurope.com\/@fr\/115695629852586628","error":""},"_links":{"self":[{"href":"https:\/\/www.europesays.com\/fr\/wp-json\/wp\/v2\/posts\/590800","targetHints":{"allow":["GET"]}}],"collection":[{"href":"https:\/\/www.europesays.com\/fr\/wp-json\/wp\/v2\/posts"}],"about":[{"href":"https:\/\/www.europesays.com\/fr\/wp-json\/wp\/v2\/types\/post"}],"author":[{"embeddable":true,"href":"https:\/\/www.europesays.com\/fr\/wp-json\/wp\/v2\/users\/2"}],"replies":[{"embeddable":true,"href":"https:\/\/www.europesays.com\/fr\/wp-json\/wp\/v2\/comments?post=590800"}],"version-history":[{"count":0,"href":"https:\/\/www.europesays.com\/fr\/wp-json\/wp\/v2\/posts\/590800\/revisions"}],"wp:featuredmedia":[{"embeddable":true,"href":"https:\/\/www.europesays.com\/fr\/wp-json\/wp\/v2\/media\/590801"}],"wp:attachment":[{"href":"https:\/\/www.europesays.com\/fr\/wp-json\/wp\/v2\/media?parent=590800"}],"wp:term":[{"taxonomy":"category","embeddable":true,"href":"https:\/\/www.europesays.com\/fr\/wp-json\/wp\/v2\/categories?post=590800"},{"taxonomy":"post_tag","embeddable":true,"href":"https:\/\/www.europesays.com\/fr\/wp-json\/wp\/v2\/tags?post=590800"}],"curies":[{"name":"wp","href":"https:\/\/api.w.org\/{rel}","templated":true}]}}