{"id":590802,"date":"2025-12-10T13:59:14","date_gmt":"2025-12-10T13:59:14","guid":{"rendered":"https:\/\/www.europesays.com\/fr\/590802\/"},"modified":"2025-12-10T13:59:14","modified_gmt":"2025-12-10T13:59:14","slug":"dustin-johnson-va-faire-un-detour-par-le-dp-world-tour-avant-le-debut-du-liv","status":"publish","type":"post","link":"https:\/\/www.europesays.com\/fr\/590802\/","title":{"rendered":"Dustin Johnson va faire un d\u00e9tour par le DP World Tour avant le d\u00e9but du LIV"},"content":{"rendered":"<p>\t\t\t\t\t\t<img width=\"770\" height=\"556\" src=\"https:\/\/www.europesays.com\/fr\/wp-content\/uploads\/2025\/10\/isphl_251023_dustin_johnson_pm_17-770x556.jpg\" class=\"img-responsive wp-post-image\" alt=\"Graham Uden \/ Asian Tour\" decoding=\"async\" fetchpriority=\"high\"  \/>\t\t\t\t\t<\/p>\n<p>\t\t\t\t\t\t Partager cet article <\/p>\n<p class=\"screen-reader-text juiz_sps_maybe_hidden_text\">Partager la publication \u00ab\u00a0Dustin Johnson va faire un d\u00e9tour par le DP World Tour avant le d\u00e9but du LIV\u00a0\u00bb<\/p>\n<p><strong>L\u2019ancien n\u00b01 mondial Dustin Johnson sera pr\u00e9sent \u00e0 Duba\u00ef fin janvier. Il y disputera le premier tournoi des Rolex Series 2026, le Hero Dubai Desert classic, avant de retrouver le LIV Golf \u00e0 Riyadh d\u00e9but f\u00e9vrier.\u00a0<\/strong><\/p>\n<p><strong>H.D.<\/strong><\/p>\n<p>C\u2019est un nouveau grand nom qui vient d\u2019\u00eatre annonc\u00e9 au d\u00e9part du <a href=\"https:\/\/www.golfplanete.com\/?s=Hero+Dubai+Desert+classic\" target=\"_blank\" rel=\"noopener\"><strong>Hero Dubai Desert classic<\/strong><\/a>, programm\u00e9 du 22 au 25 janvier sur l\u2019Emirates Golf Course, \u00e0 Duba\u00ef. L\u2019ancien n\u00b01 mondial, <strong>Dustin Johnson<\/strong>, vient ainsi de confirmer sa pr\u00e9sence au d\u00e9part du premier <strong>Rolex Series<\/strong> de la saison 2025-26 du <strong>DP World Tour<\/strong>.<\/p>\n<p>Le vainqueur de l\u2019<strong>U.S. Open 2016<\/strong> et du <strong>Masters 2020<\/strong>\u00a0se mesurera pour la premi\u00e8re fois au <a href=\"https:\/\/www.europeantour.com\/dpworld-tour\/hero-dubai-desert-classic-2026\/course\" target=\"_blank\" rel=\"noopener\">par 72 de 6 803 m\u00e8tres<\/a>. Il rejoint un panel de stars. Il s\u2019agit d\u2019un petit d\u00e9tour pour l\u2019une des principales prises de guerre du circuit saoudien, avant le lancement de la nouvelle saison, pr\u00e9vue dans la capitale du royaume du 4 au 7 f\u00e9vrier.\u00a0<\/p>\n<blockquote data-service=\"twitter\" data-category=\"marketing\" data-placeholder-image=\"https:\/\/www.golfplanete.com\/wp-content\/plugins\/complianz-gdpr-premium\/assets\/images\/placeholders\/twitter-minimal.jpg\" class=\"cmplz-placeholder-element twitter-tweet\" data-media-max-width=\"560\"><p>&#13;<\/p>\n<p dir=\"ltr\" lang=\"en\">Dustin Johnson joins the Hero Dubai Desert Classic 2026 lineup \ud83d\udcaa <br \/>&#13;<br \/>\nA week of world-class golf you won\u2019t want to miss \ud83d\ude0d<a href=\"https:\/\/twitter.com\/hashtag\/HeroDubaiDesertClassic?src=hash&amp;ref_src=twsrc%5Etfw\" target=\"_blank\" rel=\"noopener\">#HeroDubaiDesertClassic<\/a> <a href=\"https:\/\/twitter.com\/hashtag\/HDDC2026?src=hash&amp;ref_src=twsrc%5Etfw\" target=\"_blank\" rel=\"noopener\">#HDDC2026<\/a> <a href=\"https:\/\/t.co\/1SFlye8cWv\">pic.twitter.com\/1SFlye8cWv<\/a><\/p>\n<p>&#13;<br \/>\n&#13;<br \/>\n\u2014 Hero Dubai Desert Classic (@DubaiDCGolf) <a href=\"https:\/\/twitter.com\/DubaiDCGolf\/status\/1998706878654959624?ref_src=twsrc%5Etfw\" target=\"_blank\" rel=\"noopener\">December 10, 2025<\/a><\/p><\/blockquote>\n<p>Parmi elles, le quadruple vainqueur de l\u2019\u00e9preuve <strong>Rory McIlroy<\/strong>, ou encore le vainqueur du <strong>Tour Championship<\/strong>, et r\u00e9sident \u00e0 Duba\u00ef, <strong>Tommy Fleetwood<\/strong>. Le capitaine des <strong>Aces GC<\/strong> sur le <strong>LIV Golf<\/strong> s\u2019est expliqu\u00e9 sur ce choix de programme : \u00ab J\u2019ai entendu de tr\u00e8s bonnes choses sur l\u2019\u00e9v\u00e9nement et sur l\u2019Emirates Golf Club. Quand on regarde les anciens champions comme Seve, Tiger et Rory, on sait que c\u2019est un tournoi tr\u00e8s prestigieux avec une histoire incroyable. \u00bb<\/p>\n<p>Lowry et Hovland de retour<\/p>\n<p>Parmi les joueurs annonc\u00e9s dans les Emirats figurent deux retours de poids : le vainqueur du point d\u00e9cisif de la <strong>Ryder Cup<\/strong>, <a href=\"https:\/\/www.golfplanete.com\/actualites\/le-resume-video-dune-troisieme-journee-de-ryder-cup-incroyablement-eprouvante\/\" target=\"_blank\" rel=\"noopener\"><strong>Shane Lowry<\/strong> <\/a>qui n\u2019a plus disput\u00e9 la comp\u00e9tition depuis 2023. Son co\u00e9quipier, le Norv\u00e9gien <strong>Viktor Hovland<\/strong>, qui avait remport\u00e9 l\u2019\u00e9preuve en 2022, fera \u00e9galement son retour 4 ans plus tard. Le tenant du titre, et lui-m\u00eame joueur du LIV Golf, <strong>Tyrrell Hatton<\/strong>, sera aussi pr\u00e9sent.\u00a0<\/p>\n<p>Photo : Graham Uden \/ Asian Tour<\/p>\n<p>\t\t\t<script async src=\"https:\/\/platform.twitter.com\/widgets.js\" charset=\"utf-8\"><\/script><\/p>\n","protected":false},"excerpt":{"rendered":"Partager cet article Partager la publication \u00ab\u00a0Dustin Johnson va faire un d\u00e9tour par le DP World Tour avant&hellip;\n","protected":false},"author":2,"featured_media":492535,"comment_status":"","ping_status":"","sticky":false,"template":"","format":"standard","meta":{"footnotes":""},"categories":[1418],"tags":[1011,27,1472,60],"class_list":{"0":"post-590802","1":"post","2":"type-post","3":"status-publish","4":"format-standard","5":"has-post-thumbnail","7":"category-golf","8":"tag-fr","9":"tag-france","10":"tag-golf","11":"tag-sports"},"share_on_mastodon":{"url":"https:\/\/pubeurope.com\/@fr\/115695634261876643","error":""},"_links":{"self":[{"href":"https:\/\/www.europesays.com\/fr\/wp-json\/wp\/v2\/posts\/590802","targetHints":{"allow":["GET"]}}],"collection":[{"href":"https:\/\/www.europesays.com\/fr\/wp-json\/wp\/v2\/posts"}],"about":[{"href":"https:\/\/www.europesays.com\/fr\/wp-json\/wp\/v2\/types\/post"}],"author":[{"embeddable":true,"href":"https:\/\/www.europesays.com\/fr\/wp-json\/wp\/v2\/users\/2"}],"replies":[{"embeddable":true,"href":"https:\/\/www.europesays.com\/fr\/wp-json\/wp\/v2\/comments?post=590802"}],"version-history":[{"count":0,"href":"https:\/\/www.europesays.com\/fr\/wp-json\/wp\/v2\/posts\/590802\/revisions"}],"wp:featuredmedia":[{"embeddable":true,"href":"https:\/\/www.europesays.com\/fr\/wp-json\/wp\/v2\/media\/492535"}],"wp:attachment":[{"href":"https:\/\/www.europesays.com\/fr\/wp-json\/wp\/v2\/media?parent=590802"}],"wp:term":[{"taxonomy":"category","embeddable":true,"href":"https:\/\/www.europesays.com\/fr\/wp-json\/wp\/v2\/categories?post=590802"},{"taxonomy":"post_tag","embeddable":true,"href":"https:\/\/www.europesays.com\/fr\/wp-json\/wp\/v2\/tags?post=590802"}],"curies":[{"name":"wp","href":"https:\/\/api.w.org\/{rel}","templated":true}]}}