{"id":590805,"date":"2025-12-10T14:01:18","date_gmt":"2025-12-10T14:01:18","guid":{"rendered":"https:\/\/www.europesays.com\/fr\/590805\/"},"modified":"2025-12-10T14:01:18","modified_gmt":"2025-12-10T14:01:18","slug":"transferts-pro-d2-colomiers-rugby-securise-jean-thomas-et-michael-simutoga-pour-les-deux-saisons-a-venir","status":"publish","type":"post","link":"https:\/\/www.europesays.com\/fr\/590805\/","title":{"rendered":"Transferts\/Pro D2. Colomiers rugby s\u00e9curise Jean Thomas et Micha\u00ebl Simutoga pour les deux saisons \u00e0 venir"},"content":{"rendered":"<p>\n                Jean Thomas, l&rsquo;un des capitaines, et Micha\u00ebl Simutoga, pilier droit, s&rsquo;appr\u00eatent \u00e0 prolonger leur bail \u00e0 Colomiers jusqu&rsquo;en 2028.\n            <\/p>\n<p>Colomiers rugby \u00e9tait \u00e0 la f\u00eate, ce mardi soir, \u00e0 l&rsquo;occasion des Oscars Midi Olympique. Thomas Larrieu et J\u00e9r\u00e9my B\u00e9chu, et par extension tout un club ont \u00e9t\u00e9 c\u00e9l\u00e9br\u00e9s pour son savoir-faire et son savoir-vivre. Mais en coulisses, les dirigeants ont continu\u00e9 d&rsquo;oeuvrer pour b\u00e2tir l&rsquo;\u00e9quipe des saisons \u00e0 venir. Selon nos informations, deux joueurs majeurs du paquet d&rsquo;avants sont sur le point de parapher un nouveau contrat jusqu&rsquo;en 2028, il s&rsquo;agit de Jean Thomas et Micha\u00ebl Simutoga.<\/p>\n<p>Le premier est l&rsquo;un des capitaines de l&rsquo;\u00e9quipe : deuxi\u00e8me ligne de devoir, il en est \u00e0 sa 13e saison en professionnel, et 22e licence au club. Revenu de blessure aux ischio-jambiers, il a particip\u00e9 au d\u00e9placement \u00e0 Brive et \u00e0 la r\u00e9ception de Grenoble, qui \u00e9taient ses premi\u00e8res apparitions en 2025-2026.<\/p>\n<p>        <img decoding=\"async\" class=\"std-img__img responsive-img\" src=\"https:\/\/www.europesays.com\/fr\/wp-content\/uploads\/2025\/12\/1765375278_453_image.jpg\" alt=\"Micha\u00ebl Simutoga, pilier droit de Colomiers, va le rester deux saisons suppl\u00e9mentaires.\"\/><\/p>\n<p>                Micha\u00ebl Simutoga, pilier droit de Colomiers, va le rester deux saisons suppl\u00e9mentaires.<br \/>\n                                    Icon Sport<\/p>\n<p>Quant au pilier droit (29 ans), il conna\u00eet d\u00e9j\u00e0 sa troisi\u00e8me saison \u00e0 Colomiers, apr\u00e8s avoir \u00e9t\u00e9 form\u00e9 et \u00e9clos \u00e0 Clermont, puis poursuivi sa progression \u00e0 Grenoble et\u00a0Bourgoin. Avec 44 matchs disput\u00e9s, il est d\u00e9j\u00e0 un \u00e9l\u00e9ment important du XV haut-garonnais. Ce pourquoi les dirigeants ont trouv\u00e9 judicieux de prolonger son bail.<\/p>\n","protected":false},"excerpt":{"rendered":"Jean Thomas, l&rsquo;un des capitaines, et Micha\u00ebl Simutoga, pilier droit, s&rsquo;appr\u00eatent \u00e0 prolonger leur bail \u00e0 Colomiers jusqu&rsquo;en&hellip;\n","protected":false},"author":2,"featured_media":590806,"comment_status":"","ping_status":"","sticky":false,"template":"","format":"standard","meta":{"footnotes":""},"categories":[1416],"tags":[1011,27,70414,70415,479,1468,60,10662],"class_list":{"0":"post-590805","1":"post","2":"type-post","3":"status-publish","4":"format-standard","5":"has-post-thumbnail","7":"category-rugby","8":"tag-fr","9":"tag-france","10":"tag-jean-thomas","11":"tag-michau00ebl-simutoga","12":"tag-rugby","13":"tag-rugby-football","14":"tag-sports","15":"tag-transferts"},"share_on_mastodon":{"url":"https:\/\/pubeurope.com\/@fr\/115695642293908167","error":""},"_links":{"self":[{"href":"https:\/\/www.europesays.com\/fr\/wp-json\/wp\/v2\/posts\/590805","targetHints":{"allow":["GET"]}}],"collection":[{"href":"https:\/\/www.europesays.com\/fr\/wp-json\/wp\/v2\/posts"}],"about":[{"href":"https:\/\/www.europesays.com\/fr\/wp-json\/wp\/v2\/types\/post"}],"author":[{"embeddable":true,"href":"https:\/\/www.europesays.com\/fr\/wp-json\/wp\/v2\/users\/2"}],"replies":[{"embeddable":true,"href":"https:\/\/www.europesays.com\/fr\/wp-json\/wp\/v2\/comments?post=590805"}],"version-history":[{"count":0,"href":"https:\/\/www.europesays.com\/fr\/wp-json\/wp\/v2\/posts\/590805\/revisions"}],"wp:featuredmedia":[{"embeddable":true,"href":"https:\/\/www.europesays.com\/fr\/wp-json\/wp\/v2\/media\/590806"}],"wp:attachment":[{"href":"https:\/\/www.europesays.com\/fr\/wp-json\/wp\/v2\/media?parent=590805"}],"wp:term":[{"taxonomy":"category","embeddable":true,"href":"https:\/\/www.europesays.com\/fr\/wp-json\/wp\/v2\/categories?post=590805"},{"taxonomy":"post_tag","embeddable":true,"href":"https:\/\/www.europesays.com\/fr\/wp-json\/wp\/v2\/tags?post=590805"}],"curies":[{"name":"wp","href":"https:\/\/api.w.org\/{rel}","templated":true}]}}