{"id":59081,"date":"2025-04-28T11:12:09","date_gmt":"2025-04-28T11:12:09","guid":{"rendered":"https:\/\/www.europesays.com\/fr\/59081\/"},"modified":"2025-04-28T11:12:09","modified_gmt":"2025-04-28T11:12:09","slug":"le-paris-fc-officiellement-promu-en-l1-ce-vendredi-si","status":"publish","type":"post","link":"https:\/\/www.europesays.com\/fr\/59081\/","title":{"rendered":"le Paris FC officiellement promu en L1 ce vendredi si&#8230;"},"content":{"rendered":"<p>Le Paris FC est proche d\u2019une mont\u00e9e historique en Ligue\u00a01. Elle pourrait \u00eatre officielle ce vendredi 2 mai. Diff\u00e9rents sc\u00e9narios sont envisageables.<\/p>\n<p class=\"fig-paragraph\">Quelle \u00e9quipe montera en compagnie du FC Lorient dans l\u2019\u00e9lite\u00a0? Probablement\u00a0<a href=\"http:\/\/www.lefigaro.fr\/sports\/football\/ligue-2-course-pour-la-ligue-1-galaxie-red-bull-famille-arnault-quand-l-engouement-gagne-le-paris-fc-20250331\" data-fig-type=\"Article\" data-gtm-custom-categorie=\"navigation\" data-gtm-custom-action=\"crossclick\" data-gtm-custom-label=\"Contextuel\" data-gtm-event=\"customEventSPE\" data-fig-domain=\"LEFIGARO\" target=\"_blank\" rel=\"noopener\">le Paris FC<\/a>, mais rien n\u2019est encore act\u00e9. Le club francilien est 2e du classement de Ligue\u00a02 \u00e0 deux journ\u00e9es de la fin de saison. Il compte quatre points d\u2019avance sur le FC Metz, son unique concurrent. Le retour en L1 du FC, qui n\u2019y a pass\u00e9 que deux ans (1972-74), pourrait \u00eatre officiel ce vendredi soir.<\/p>\n<p class=\"fig-paragraph\">Les dix-huit \u00e9quipes du championnat joueront en m\u00eame temps (20h). Si Paris gagne \u00e0 Martigues, qui lutte pour son maintien, la mont\u00e9e sera valid\u00e9e. Pareil en cas de match nul \u00e0 condition que Metz ne batte pas Rodez, ou en cas de d\u00e9faite si les Lorrains perdent \u00e9galement dans le m\u00eame temps.<\/p>\n<p class=\"fig-paragraph\">\u00c0 noter que Metz poss\u00e8de une meilleure diff\u00e9rence de buts (+29) que le Paris FC (+20). La derni\u00e8re journ\u00e9e de Ligue\u00a02, pr\u00e9vue le samedi 10 mai (17h), verra le PFC recevoir l\u2019AC Ajaccio, tandis que Metz se d\u00e9placera \u00e0 Laval.<\/p>\n<p class=\"fig-paragraph\"><strong>Le Paris FC en Ligue\u00a01 ce vendredi si\u00a0:<\/strong><br \/>&#8211; Il gagne contre Martigues<br \/>&#8211; Il fait match nul et Metz ne bat pas Rodez<br \/>&#8211; Il perd et Metz s\u2019incline aussi<\/p>\n","protected":false},"excerpt":{"rendered":"Le Paris FC est proche d\u2019une mont\u00e9e historique en Ligue\u00a01. Elle pourrait \u00eatre officielle ce vendredi 2 mai.&hellip;\n","protected":false},"author":2,"featured_media":59082,"comment_status":"","ping_status":"","sticky":false,"template":"","format":"standard","meta":{"footnotes":""},"categories":[1412],"tags":[525,1981,814,1451,2257,63,1452,1453,1454,1455,1011,27,3309,66,1307,955,1176,978,445,93,1980,60],"class_list":{"0":"post-59081","1":"post","2":"type-post","3":"status-publish","4":"format-standard","5":"has-post-thumbnail","7":"category-f1","8":"tag-calendrier","9":"tag-classement","10":"tag-direct","11":"tag-f1","12":"tag-foot","13":"tag-football","14":"tag-formula-1","15":"tag-formula1","16":"tag-formule-1","17":"tag-formule1","18":"tag-fr","19":"tag-france","20":"tag-l1","21":"tag-ligue-1","22":"tag-lille","23":"tag-match","24":"tag-olympique-de-marseille","25":"tag-olympique-lyonnais","26":"tag-paris-fc","27":"tag-psg","28":"tag-resultats","29":"tag-sports"},"share_on_mastodon":{"url":"https:\/\/pubeurope.com\/@fr\/114415294471323998","error":""},"_links":{"self":[{"href":"https:\/\/www.europesays.com\/fr\/wp-json\/wp\/v2\/posts\/59081","targetHints":{"allow":["GET"]}}],"collection":[{"href":"https:\/\/www.europesays.com\/fr\/wp-json\/wp\/v2\/posts"}],"about":[{"href":"https:\/\/www.europesays.com\/fr\/wp-json\/wp\/v2\/types\/post"}],"author":[{"embeddable":true,"href":"https:\/\/www.europesays.com\/fr\/wp-json\/wp\/v2\/users\/2"}],"replies":[{"embeddable":true,"href":"https:\/\/www.europesays.com\/fr\/wp-json\/wp\/v2\/comments?post=59081"}],"version-history":[{"count":0,"href":"https:\/\/www.europesays.com\/fr\/wp-json\/wp\/v2\/posts\/59081\/revisions"}],"wp:featuredmedia":[{"embeddable":true,"href":"https:\/\/www.europesays.com\/fr\/wp-json\/wp\/v2\/media\/59082"}],"wp:attachment":[{"href":"https:\/\/www.europesays.com\/fr\/wp-json\/wp\/v2\/media?parent=59081"}],"wp:term":[{"taxonomy":"category","embeddable":true,"href":"https:\/\/www.europesays.com\/fr\/wp-json\/wp\/v2\/categories?post=59081"},{"taxonomy":"post_tag","embeddable":true,"href":"https:\/\/www.europesays.com\/fr\/wp-json\/wp\/v2\/tags?post=59081"}],"curies":[{"name":"wp","href":"https:\/\/api.w.org\/{rel}","templated":true}]}}