{"id":590817,"date":"2025-12-10T14:11:15","date_gmt":"2025-12-10T14:11:15","guid":{"rendered":"https:\/\/www.europesays.com\/fr\/590817\/"},"modified":"2025-12-10T14:11:15","modified_gmt":"2025-12-10T14:11:15","slug":"fallout-ecrase-la-concurrence-sur-ce-point","status":"publish","type":"post","link":"https:\/\/www.europesays.com\/fr\/590817\/","title":{"rendered":"Fallout \u00e9crase la concurrence sur ce point"},"content":{"rendered":"<p>Il est loin le temps o\u00f9 les spectateurs avaient rendez-vous chaque mois de septembre avec leurs productions pr\u00e9f\u00e9r\u00e9es. La fameuse rentr\u00e9e t\u00e9l\u00e9visuelle a peu \u00e0 peu laiss\u00e9 sa place \u00e0 des diffusions plus \u00e9parses, voire anarchiques dans certains cas. Deux, trois voire m\u00eame quatre ans entre chaque salve d\u2019\u00e9pisodes, \u00e0 l\u2019\u00e8re du streaming par abonnement, certaines s\u00e9ries se font douloureusement attendre. Sans les obligations du lin\u00e9aire, producteurs et cr\u00e9ateurs prennent le temps de d\u00e9velopper leurs intrigues autant que d\u2019opter pour des tournages et des postproductions plus massifs. L\u2019exemple le plus parlant est sans aucun doute <a href=\"https:\/\/www.journaldugeek.com\/2025\/12\/03\/stranger-things-apres-trois-ans-les-fans-sont-ils-encore-au-rendez-vous\/\" target=\"_blank\" rel=\"false noopener\">Stranger Things<\/a> qui a tourn\u00e9 sa cinqui\u00e8me et derni\u00e8re saison pendant pr\u00e8s d\u2019une ann\u00e9e. <strong>Pas pour faire \u00e9clore 21 \u00e9pisodes<\/strong> comme \u00e0 la belle \u00e9poque, mais bien pour neuf chapitres aux ambitions proches de celles du grand \u00e9cran.<\/p>\n<p>C\u2019est dans ce contexte que <strong>Fallout revient d\u00e9j\u00e0 pour sa saison 2<\/strong>, un an et demi apr\u00e8s son lancement sur Prime Video. Par quel miracle la s\u00e9rie adapt\u00e9e des jeux vid\u00e9o de Bethesda r\u00e9ussit-elle \u00e0 maintenir un tel calendrier\u00a0? D\u00e8s le 17 d\u00e9cembre, les abonn\u00e9s Prime Video ont rendez-vous avec le premier \u00e9pisode de la saison 2. La premi\u00e8re a \u00e9t\u00e9 diffus\u00e9e en avril 2024. Interrog\u00e9 par IGN, le producteur ex\u00e9cutif Jonathan Nolan explique mettre un point d\u2019honneur \u00e0 offrir \u00e0 sa s\u00e9rie un<strong>\u201cd\u00e9lai raisonnable\u201d entre chaque saison.\u00a0<\/strong><\/p>\n<p> Tournage d\u00e8s l\u2019\u00e9t\u00e9 prochain <\/p>\n<p>Les nouveaux \u00e9pisodes de Fallout n\u2019ont pas encore investi le catalogue que d\u00e9j\u00e0 Prime Video et Jonathan Nolan pr\u00e9pare la suite. Aid\u00e9e par un renouvellement express en 2024, la s\u00e9rie peut d\u00e9j\u00e0 s\u2019attaquer \u00e0 l\u2019\u00e9criture et la production de sa saison 3. \u201cConcernant la production, nous esp\u00e9rons reprendre le tournage \u00e0 l\u2019\u00e9t\u00e9 prochain. On verra bien si tout se d\u00e9roule comme pr\u00e9vu. Mais je suis ravi que, malgr\u00e9 l\u2019ampleur intacte de la s\u00e9rie d\u2019une saison \u00e0 une autre, Geneva (Robertson-Dworet), Graham (Wagner) et toute notre \u00e9quipe, compos\u00e9e d\u2019acteur et de techniciens incroyablement talentueux, aient pu travailler suffisamment vite pour reprendre l\u2019antenne dans les meilleurs d\u00e9lais\u201d.\u00a0<\/p>\n<p>La vitesse, mais pas au d\u00e9triment de la qualit\u00e9\u2026 Prime Video semble avoir trouv\u00e9 la recette miracle avec Fallout. Nolan ne pr\u00e9cise pas en quoi consiste cette formule magique, mais il n\u2019est visiblement pas le seul sur le coup. HBO Max pr\u00e9voit de faire de m\u00eame avec sa s\u00e9rie <a href=\"https:\/\/www.journaldugeek.com\/2025\/11\/21\/la-serie-harry-potter-fait-deja-mieux-que-stranger-things-sur-ce-point\/\" target=\"_blank\" rel=\"noopener\">Harry Potter<\/a>. Officialis\u00e9e en 2023, la s\u00e9rie inspir\u00e9e des romans de J.K Rowling doit investir le petit \u00e9cran en 2027. La seconde saison est d\u2019ores et d\u00e9j\u00e0 attendue pour 2028. Les \u00e9quipes travaillent \u00e0 l\u2019heure actuelle sur l\u2019\u00e9laboration des sc\u00e9narios.<\/p>\n<p>    <a href=\"https:\/\/www.youtube.com\/user\/JournalduGeek?sub_confirmation=1\" target=\"_blank\" rel=\"nofollow noopener\"><br \/>\n        S&rsquo;abonner \u00e0 Journal du Geek<br \/>\n    <\/a> <\/p>\n<p>Reste \u00e0 voir maintenant si Fallout, comme Harry Potter, arrivent \u00e0 maintenir la cadence et \u00e0 s\u2019inviter chaque ann\u00e9e sur le petit \u00e9cran. D\u2019autres \u00e9curies ont trouv\u00e9 la parade, comme The Boys qui investit chaque ann\u00e9e le catalogue de Prime Video, avec sa s\u00e9rie principale d\u2019une part et avec son spin-off <a href=\"https:\/\/www.journaldugeek.com\/dossier\/the-boys-et-gen-v-trop-woke-et-si-cetait-leur-plus-grande-force\/\" target=\"_blank\" rel=\"noopener\">Gen V<\/a>\u00a0de l\u2019autre.<\/p>\n<blockquote style=\"border:1px solid #971048;border-radius:8px;\">\n<p class=\"text-base text-neutral-700 dark:text-neutral-300\" style=\"color:grey;\">\ud83d\udfe3 Pour ne manquer aucune news sur le Journal du Geek, <a href=\"https:\/\/profile.google.com\/cp\/CgwvZy8xejJ2N182c2MaHmh0dHBzOi8vd3d3LmpvdXJuYWxkdWdlZWsuY29tLw==?pf=6\" target=\"_blank\" rel=\"noopener\">suivez-nous sur Google<\/a> et sur notre canal <a href=\"https:\/\/whatsapp.com\/channel\/0029VaClM5y4tRry12tb7D2h\" target=\"_blank\" rel=\"noopener\">WhatsApp<\/a>. Et si vous nous adorez, on a <a href=\"https:\/\/www.journaldugeek.com\/newsletter\/\" target=\"_blank\" rel=\"noopener\">une newsletter tous les matins<\/a>.<\/p>\n<\/blockquote>\n","protected":false},"excerpt":{"rendered":"Il est loin le temps o\u00f9 les spectateurs avaient rendez-vous chaque mois de septembre avec leurs productions pr\u00e9f\u00e9r\u00e9es.&hellip;\n","protected":false},"author":2,"featured_media":590818,"comment_status":"","ping_status":"","sticky":false,"template":"","format":"standard","meta":{"footnotes":""},"categories":[1356],"tags":[58,59,335,1011,27,11765,2510,252,1364],"class_list":{"0":"post-590817","1":"post","2":"type-post","3":"status-publish","4":"format-standard","5":"has-post-thumbnail","7":"category-television","8":"tag-divertissement","9":"tag-entertainment","10":"tag-fallout","11":"tag-fr","12":"tag-france","13":"tag-prime-video","14":"tag-science-fiction","15":"tag-television","16":"tag-tv"},"share_on_mastodon":{"url":"https:\/\/pubeurope.com\/@fr\/115695680717131908","error":""},"_links":{"self":[{"href":"https:\/\/www.europesays.com\/fr\/wp-json\/wp\/v2\/posts\/590817","targetHints":{"allow":["GET"]}}],"collection":[{"href":"https:\/\/www.europesays.com\/fr\/wp-json\/wp\/v2\/posts"}],"about":[{"href":"https:\/\/www.europesays.com\/fr\/wp-json\/wp\/v2\/types\/post"}],"author":[{"embeddable":true,"href":"https:\/\/www.europesays.com\/fr\/wp-json\/wp\/v2\/users\/2"}],"replies":[{"embeddable":true,"href":"https:\/\/www.europesays.com\/fr\/wp-json\/wp\/v2\/comments?post=590817"}],"version-history":[{"count":0,"href":"https:\/\/www.europesays.com\/fr\/wp-json\/wp\/v2\/posts\/590817\/revisions"}],"wp:featuredmedia":[{"embeddable":true,"href":"https:\/\/www.europesays.com\/fr\/wp-json\/wp\/v2\/media\/590818"}],"wp:attachment":[{"href":"https:\/\/www.europesays.com\/fr\/wp-json\/wp\/v2\/media?parent=590817"}],"wp:term":[{"taxonomy":"category","embeddable":true,"href":"https:\/\/www.europesays.com\/fr\/wp-json\/wp\/v2\/categories?post=590817"},{"taxonomy":"post_tag","embeddable":true,"href":"https:\/\/www.europesays.com\/fr\/wp-json\/wp\/v2\/tags?post=590817"}],"curies":[{"name":"wp","href":"https:\/\/api.w.org\/{rel}","templated":true}]}}