{"id":590819,"date":"2025-12-10T14:12:16","date_gmt":"2025-12-10T14:12:16","guid":{"rendered":"https:\/\/www.europesays.com\/fr\/590819\/"},"modified":"2025-12-10T14:12:16","modified_gmt":"2025-12-10T14:12:16","slug":"apres-pierre-garnier-et-helena-marine-aux-enfoires","status":"publish","type":"post","link":"https:\/\/www.europesays.com\/fr\/590819\/","title":{"rendered":"apr\u00e8s Pierre Garnier et Helena, Marine aux Enfoir\u00e9s ?"},"content":{"rendered":"<p>\n        Marine connait un sacr\u00e9 d\u00e9but de carri\u00e8re. En pleine tourn\u00e9e, la gagnante de la \u00ab\u00a0Star Academy\u00a0\u00bb pourrait-elle int\u00e9grer la troupe des Enfoir\u00e9s comme Pierre Garnier ou Helena ? Elle se confie : \u00ab\u00a0C&rsquo;est une belle cause\u00a0\u00bb.\n    <\/p>\n<p class=\"content-paragraph\"><img decoding=\"async\" src=\"https:\/\/www.europesays.com\/fr\/wp-content\/uploads\/2025\/12\/photo_1765277103.jpg\" class=\"textcenter img-content\" loading=\"lazy\" style=\"margin-bottom: 0;\"\/>Bestimage <br \/>La \u00ab\u00a0Star Academy\u00a0\u00bb n&rsquo;en finit pas de r\u00e9v\u00e9ler des talents et de lancer des carri\u00e8res. Pour preuve, Marine, la derni\u00e8re gagnante en date, a d\u00e9j\u00e0 \u00e9coul\u00e9 70.000 exemplaires de son premier <a href=\"https:\/\/www.chartsinfrance.net\/Marine\/news-133005.html\" class=\"articlepage-link\" target=\"_blank\" rel=\"noopener\">album \u00ab\u00a0Coeur maladroit\u00a0\u00bb<\/a>, alors que le single <a href=\"https:\/\/www.chartsinfrance.net\/actualite\/news-131821.html\" class=\"articlepage-link\" target=\"_blank\" rel=\"noopener\">\u00ab\u00a0Ma faute\u00a0\u00bb<\/a> vient d&rsquo;\u00eatre certifi\u00e9 diamant pour plus de 50 millions de streams au compteur. \u00ab J&rsquo;ai un truc avec les chiffres. Forc\u00e9ment, on a envie que \u00e7a fonctionne. On regarde un peu. Et puis on est dans une industrie qui nous pousse \u00e0 nous comparer un peu entre nous. C&rsquo;est un peu celui qui va fonctionner le mieux, qui va vendre le plus et tout \u00bb livre Marine en <a href=\"https:\/\/www.chartsinfrance.net\/Marine\/news-134564.html\" class=\"articlepage-link\" target=\"_blank\" rel=\"noopener\">interview sur Purecharts<\/a>, motiv\u00e9e par l&rsquo;envie d&rsquo;\u00e9largir encore son public. Bonne nouvelle : celle qui a \u00e9t\u00e9 sacr\u00e9e R\u00e9v\u00e9lation f\u00e9minine aux NRJ Music Awards vient de sortir la r\u00e9\u00e9dition de son disque, riche de sept nouvelles chansons concoct\u00e9es avec le producteur Renaud Rebillaud, Ben Mazu\u00e9 ou encore Ga\u00ebtan Roussel.<\/p>\n<p>\u00ab\u00a0Ma mamie \u00e9tait b\u00e9n\u00e9vole\u00a0\u00bb<\/p>\n<p class=\"content-paragraph\"> Assur\u00e9ment, la vie de Marine a bascul\u00e9 du jour au lendemain gr\u00e2ce \u00e0 la \u00ab\u00a0Star Academy\u00a0\u00bb, et c&rsquo;est d\u00e9sormais en solo qu&rsquo;elle fait salle comble sur sa tourn\u00e9e qui a d\u00e9marr\u00e9 \u00e0 Nantes le 30 novembre dernier. Elle a d&rsquo;ailleurs <a href=\"https:\/\/www.chartsinfrance.net\/actualite\/news-134569.html\" class=\"articlepage-link\" target=\"_blank\" rel=\"noopener\">recadr\u00e9 un fan<\/a> avec humour en plein concert ! Alors que des dates sont pr\u00e9vues jusqu&rsquo;en juin, l&rsquo;interpr\u00e8te de \u00ab\u00a0Restes d&rsquo;averses\u00a0\u00bb pourrait-elle rejoindre <a href=\"https:\/\/www.chartsinfrance.net\/Les-Enfoires\/news-132779.html\" class=\"articlepage-link\" target=\"_blank\" rel=\"noopener\">la troupe des Enfoir\u00e9s<\/a> pour <a href=\"https:\/\/www.chartsinfrance.net\/actualite\/news-134054.html\" class=\"articlepage-link\" target=\"_blank\" rel=\"noopener\">le spectacle 2026<\/a> ? D&rsquo;autant que sa coll\u00e8gue <a href=\"https:\/\/www.chartsinfrance.net\/Les-Enfoires\/news-132990.html\" class=\"articlepage-link\" target=\"_blank\" rel=\"noopener\">Helena fera son arriv\u00e9e<\/a>, que Pierre Garnier sera de retour, tout comme Florent Pagny ou encore <a href=\"https:\/\/www.chartsinfrance.net\/Les-Enfoires\/news-134612.html\" class=\"articlepage-link\" target=\"_blank\" rel=\"noopener\">B\u00e9nabar apr\u00e8s quatre ans d&rsquo;absence<\/a>. \u00ab Forc\u00e9ment, les Enfoir\u00e9s au profit des Restos du Coeur, \u00e7a m&rsquo;int\u00e9resse \u00bb nous confie Marine, qui poss\u00e8de un lien fort avec l&rsquo;association cr\u00e9\u00e9e par Coluche : \u00ab En plus, ma mamie pour qui j&rsquo;ai \u00e9crit \u00ab\u00a0Dalida\u00a0\u00bb, elle \u00e9tait b\u00e9n\u00e9vole aux Restos du Coeur. Parfois j&rsquo;allais avec elle \u00bb.<\/p>\n<blockquote class=\"quote\"><p><b>VIDEO &#8211;<\/b> <a href=\"https:\/\/www.chartsinfrance.net\/Marine\/news-134605.html\" class=\"articlepage-link\" target=\"_blank\" rel=\"noopener\">\u00ab\u00a0Si je devais choisir&#8230;\u00a0\u00bb : Marine r\u00e9v\u00e8le quel \u00e9l\u00e8ve de la Star Academy elle voit gagner !<\/a><\/p><\/blockquote>\n<p> Marine aurait donc \u00e0 coeur de prendre part \u00e0 cette aventure coll\u00e9giale pour lever des fonds afin de venir en aide aux plus pr\u00e9caires : \u00ab Franchement oui, c&rsquo;est s\u00fbr que c&rsquo;est une belle cause et j&rsquo;aimerais bien en faire partie, mais on verra ! \u00bb. Pour rappel, les Enfoir\u00e9s investiront <a href=\"https:\/\/www.chartsinfrance.net\/actualite\/news-134054.html\" class=\"articlepage-link\" target=\"_blank\" rel=\"noopener\">l&rsquo;Accor Arena de Paris<\/a> du 13 au 19 janvier 2026 pour sept concerts au profit des Restos du Coeur.<\/p>\n<p>                <img loading=\"lazy\" decoding=\"async\" src=\"https:\/\/www.europesays.com\/fr\/wp-content\/uploads\/2025\/10\/favicon.png\" class=\"author-article-picture\" width=\"35\" height=\"35\"\/><\/p>\n<p>                    Par<\/p>\n<p>                                            <a class=\"author-article-bio-link\" href=\"https:\/\/www.chartsinfrance.net\/auteur\/54\/\" target=\"_blank\" rel=\"noopener\">Julien GONCALVES<\/a><\/p>\n<p>                    |<\/p>\n<p>                                            R\u00e9dacteur en chef<\/p>\n<p>\n                Enfant des ann\u00e9es 80 et ex-collectionneur de CD 2 titres, il se passionne tr\u00e8s t\u00f4t pour la musique, notamment la pop anglaise et la chanson fran\u00e7aise dont il est devenu un expert.\n            <\/p>\n","protected":false},"excerpt":{"rendered":"Marine connait un sacr\u00e9 d\u00e9but de carri\u00e8re. En pleine tourn\u00e9e, la gagnante de la \u00ab\u00a0Star Academy\u00a0\u00bb pourrait-elle int\u00e9grer&hellip;\n","protected":false},"author":2,"featured_media":590820,"comment_status":"","ping_status":"","sticky":false,"template":"","format":"standard","meta":{"footnotes":""},"categories":[1355],"tags":[58,59,1011,27,1361,873],"class_list":{"0":"post-590819","1":"post","2":"type-post","3":"status-publish","4":"format-standard","5":"has-post-thumbnail","7":"category-musique","8":"tag-divertissement","9":"tag-entertainment","10":"tag-fr","11":"tag-france","12":"tag-music","13":"tag-musique"},"share_on_mastodon":{"url":"https:\/\/pubeurope.com\/@fr\/115695686421434534","error":""},"_links":{"self":[{"href":"https:\/\/www.europesays.com\/fr\/wp-json\/wp\/v2\/posts\/590819","targetHints":{"allow":["GET"]}}],"collection":[{"href":"https:\/\/www.europesays.com\/fr\/wp-json\/wp\/v2\/posts"}],"about":[{"href":"https:\/\/www.europesays.com\/fr\/wp-json\/wp\/v2\/types\/post"}],"author":[{"embeddable":true,"href":"https:\/\/www.europesays.com\/fr\/wp-json\/wp\/v2\/users\/2"}],"replies":[{"embeddable":true,"href":"https:\/\/www.europesays.com\/fr\/wp-json\/wp\/v2\/comments?post=590819"}],"version-history":[{"count":0,"href":"https:\/\/www.europesays.com\/fr\/wp-json\/wp\/v2\/posts\/590819\/revisions"}],"wp:featuredmedia":[{"embeddable":true,"href":"https:\/\/www.europesays.com\/fr\/wp-json\/wp\/v2\/media\/590820"}],"wp:attachment":[{"href":"https:\/\/www.europesays.com\/fr\/wp-json\/wp\/v2\/media?parent=590819"}],"wp:term":[{"taxonomy":"category","embeddable":true,"href":"https:\/\/www.europesays.com\/fr\/wp-json\/wp\/v2\/categories?post=590819"},{"taxonomy":"post_tag","embeddable":true,"href":"https:\/\/www.europesays.com\/fr\/wp-json\/wp\/v2\/tags?post=590819"}],"curies":[{"name":"wp","href":"https:\/\/api.w.org\/{rel}","templated":true}]}}