{"id":590827,"date":"2025-12-10T14:16:16","date_gmt":"2025-12-10T14:16:16","guid":{"rendered":"https:\/\/www.europesays.com\/fr\/590827\/"},"modified":"2025-12-10T14:16:16","modified_gmt":"2025-12-10T14:16:16","slug":"miss-france-2026-ca-ne-sarrete-pas-la-creatrice-du-costume-dhuitre-de-miss-aquitaine-denonce-les-commentaires-mechants","status":"publish","type":"post","link":"https:\/\/www.europesays.com\/fr\/590827\/","title":{"rendered":"Miss France 2026\u00a0: \u00ab\u00a0\u00e7a ne s\u2019arr\u00eate pas\u00a0\u00bb, la cr\u00e9atrice du costume d\u2019hu\u00eetre de Miss Aquitaine d\u00e9nonce les \u00ab\u00a0commentaires m\u00e9chants\u00a0\u00bb"},"content":{"rendered":"<p class=\"paragraph text_align_left lp-f-body-02\">La joie de voir son nom s\u2019afficher sur son \u00e9cran de t\u00e9l\u00e9vision samedi 6 d\u00e9cembre, lors de la soir\u00e9e <a href=\"https:\/\/www.leparisien.fr\/culture-loisirs\/miss-france\/\" target=\"_self\" rel=\"noopener\">Miss France<\/a>, a rapidement laiss\u00e9 place \u00e0 l\u2019incompr\u00e9hension. Oc\u00e9ane Lamare, 25 ans, fait face \u00e0 un torrent de critiques sur le costume qu\u2019elle a cr\u00e9\u00e9 pour <a href=\"https:\/\/www.leparisien.fr\/culture-loisirs\/miss-france\/miss-france-2026-qui-est-miss-aquitaine-ainhoa-lahitete-01-12-2025-TDQ36XNBDRFKLPS65KQOBOTB3Q.php\" target=\"_self\" rel=\"noopener\">Miss Aquitaine<\/a>, A\u00efnhoa Lahitete, <a href=\"https:\/\/www.leparisien.fr\/culture-loisirs\/miss-france\/miss-france-2026-miss-provence-et-miss-aquitaine-destituees-apres-la-video-ou-elles-insultent-leurs-concurrentes-09-12-2025-YGSYX3M4NBBFVDW7QZVMXLQS7U.php\" target=\"_self\" rel=\"noopener\">destitu\u00e9e depuis<\/a> : une robe repr\u00e9sentant une hu\u00eetre.<\/p>\n<p class=\"paragraph text_align_left lp-f-body-02\">\u00ab Il y a eu d\u2019abord des remarques dr\u00f4les, raconte la jeune femme dipl\u00f4m\u00e9e d\u2019un CAP couture \u00e0 <a href=\"https:\/\/france3-regions.franceinfo.fr\/nouvelle-aquitaine\/gironde\/arcachon\/les-portes-ouvertes-a-la-mechancete-la-creatrice-du-costume-d-huitre-de-miss-aquitaine-repond-aux-critiques-3263477.html\" target=\"_self\" rel=\"noopener\">France 3 Nouvelle-Aquitaine<\/a>. Mais tr\u00e8s vite, ce sont des commentaires m\u00e9chants qui ont commenc\u00e9 \u00e0 arriver. Depuis trois jours, je n\u2019ai plus que \u00e7a, \u00e7a ne s\u2019arr\u00eate pas. \u00bb<\/p>\n<p>\u00ab Les portes ouvertes \u00e0 la m\u00e9chancet\u00e9 \u00bb<\/p>\n<p class=\"paragraph text_align_left lp-f-body-02\">\u00ab Il n\u2019y a pas que les hu\u00eetres en Aquitaine, dommage que la robe ne soit pas aussi sophistiqu\u00e9e que la demoiselle \u00bb, regrettent certains t\u00e9l\u00e9spectateurs dans les commentaires de publications montrant <a href=\"https:\/\/www.leparisien.fr\/culture-loisirs\/miss-france\/miss-france-2026-nord-pas-de-calais-ile-de-france-quelle-region-est-la-plus-elue-depuis-le-debut-du-concours-08-12-2025-EHHUDUEMMJC6DHENFZNR4UT2W4.php#:~:text=Depuis%20la%20premi%C3%A8re%20%C3%A9lection%20de,le%20podium%2C%20avec%206%20sacres.\" target=\"_self\" rel=\"noopener\">le costume r\u00e9gional<\/a> appel\u00e9 : \u00ab L\u2019imp\u00e9ratrice du Bassin \u00bb. \u00ab L\u2019ann\u00e9e prochaine, on sera en chocolatine \u00bb, ironise un internaute. Quand d\u2019autres qualifient le travail d\u2019Oc\u00e9an Lamare de \u00ab ridicule \u00bb ou pr\u00e9conise de le \u00ab bannir \u00bb.<\/p>\n<p class=\"paragraph text_align_left lp-f-body-02\">Certaines marques en ont profit\u00e9 pour surfer sur la tendance. \u00c0 l\u2019instar de Lidl qui a lanc\u00e9 sa saison des hu\u00eetres avec une vid\u00e9o de l\u2019ex Miss Aquitaine dans son costume. \u00ab Nos hu\u00eetres : le coup de c\u0153ur du jury cat\u00e9gorie prix bas \u00bb, \u00e9crit le supermarch\u00e9 en l\u00e9gende.<\/p>\n<p class=\"paragraph text_align_left lp-f-body-02\">\u00ab \u00c0 chaque fois que je regardais mon t\u00e9l\u00e9phone, c\u2019\u00e9tait une trentaine de commentaires en plus, explique la cr\u00e9atrice \u00e0 France 3. Les gens se sont dit peut-\u00eatre que c\u2019\u00e9tait les portes ouvertes \u00e0 la m\u00e9chancet\u00e9. \u00bb Et si elle assure avoir les \u00ab reins solides \u00bb, elle regrette les r\u00e9percussions sur ses proches : \u00ab \u00c7a les touche, forc\u00e9ment \u00bb<\/p>\n<p class=\"paragraph text_align_left lp-f-body-02\">La jeune femme de 25 ans, pour qui Miss France \u00e9tait un r\u00eave, avait soumis trois propositions au comit\u00e9 Miss France : un croquis repr\u00e9sentant la Dune du Pilat, un autre d\u2019un cannel\u00e9 de Bordeaux et celui de la fameuse hu\u00eetre du bassin d\u2019Arcachon, qui a \u00e9t\u00e9 retenu. \u00ab J\u2019ai \u00e9t\u00e9 assez surprise, il faut le dire. J\u2019aurais plut\u00f4t choisi la Dune du Pilat \u00bb, reconna\u00eet-elle.<\/p>\n<p class=\"paragraph text_align_left lp-f-body-02\">Au total, Oc\u00e9ane Lamare a travaill\u00e9 pendant pr\u00e8s d\u2019un mois et demi sur son costume qui lui a co\u00fbt\u00e9 environ 500 euros. \u00ab Ce n\u2019\u00e9tait pas une hu\u00eetre pour une hu\u00eetre. La Miss repr\u00e9sentait la perle \u00bb, poursuit-elle, ajoutant avoir voulu faire \u00ab quelque chose de tr\u00e8s spectaculaire \u00bb. \u00c0 ce niveau-l\u00e0, le pari est r\u00e9ussi.<\/p>\n","protected":false},"excerpt":{"rendered":"La joie de voir son nom s\u2019afficher sur son \u00e9cran de t\u00e9l\u00e9vision samedi 6 d\u00e9cembre, lors de la&hellip;\n","protected":false},"author":2,"featured_media":590828,"comment_status":"","ping_status":"","sticky":false,"template":"","format":"standard","meta":{"footnotes":""},"categories":[8],"tags":[872,58,59,1011,27,3034],"class_list":{"0":"post-590827","1":"post","2":"type-post","3":"status-publish","4":"format-standard","5":"has-post-thumbnail","7":"category-divertissement","8":"tag-culture-et-loisirs","9":"tag-divertissement","10":"tag-entertainment","11":"tag-fr","12":"tag-france","13":"tag-miss-france"},"share_on_mastodon":{"url":"https:\/\/pubeurope.com\/@fr\/115695700145972024","error":""},"_links":{"self":[{"href":"https:\/\/www.europesays.com\/fr\/wp-json\/wp\/v2\/posts\/590827","targetHints":{"allow":["GET"]}}],"collection":[{"href":"https:\/\/www.europesays.com\/fr\/wp-json\/wp\/v2\/posts"}],"about":[{"href":"https:\/\/www.europesays.com\/fr\/wp-json\/wp\/v2\/types\/post"}],"author":[{"embeddable":true,"href":"https:\/\/www.europesays.com\/fr\/wp-json\/wp\/v2\/users\/2"}],"replies":[{"embeddable":true,"href":"https:\/\/www.europesays.com\/fr\/wp-json\/wp\/v2\/comments?post=590827"}],"version-history":[{"count":0,"href":"https:\/\/www.europesays.com\/fr\/wp-json\/wp\/v2\/posts\/590827\/revisions"}],"wp:featuredmedia":[{"embeddable":true,"href":"https:\/\/www.europesays.com\/fr\/wp-json\/wp\/v2\/media\/590828"}],"wp:attachment":[{"href":"https:\/\/www.europesays.com\/fr\/wp-json\/wp\/v2\/media?parent=590827"}],"wp:term":[{"taxonomy":"category","embeddable":true,"href":"https:\/\/www.europesays.com\/fr\/wp-json\/wp\/v2\/categories?post=590827"},{"taxonomy":"post_tag","embeddable":true,"href":"https:\/\/www.europesays.com\/fr\/wp-json\/wp\/v2\/tags?post=590827"}],"curies":[{"name":"wp","href":"https:\/\/api.w.org\/{rel}","templated":true}]}}