{"id":590835,"date":"2025-12-10T14:21:14","date_gmt":"2025-12-10T14:21:14","guid":{"rendered":"https:\/\/www.europesays.com\/fr\/590835\/"},"modified":"2025-12-10T14:21:14","modified_gmt":"2025-12-10T14:21:14","slug":"pour-edouard-philippe-la-colonisation-nest-pas-un-crime-ou-quand-la-droite-ne-lit-plus-les-historiens-liberation","status":"publish","type":"post","link":"https:\/\/www.europesays.com\/fr\/590835\/","title":{"rendered":"Pour Edouard Philippe, la colonisation n\u2019est pas un crime\u2026 Ou quand la droite ne lit plus les historiens \u2013 Lib\u00e9ration"},"content":{"rendered":"<p class=\"sc-cPiKLX AiZTS text-element\">Edouard Philippe aime citer Georges Clemenceau. Il prenait m\u00eame le \u00abP\u00e8re la victoire\u00bb comme l\u2019une de ses figures de r\u00e9f\u00e9rence lors de <a href=\"https:\/\/www.liberation.fr\/france\/2017\/05\/15\/edouard-philippe-de-bonne-fracture_1569762\/?redirected=1\" target=\"_blank\" rel=\"noopener\" title=\"https:\/\/www.liberation.fr\/france\/2017\/05\/15\/edouard-philippe-de-bonne-fracture_1569762\/?redirected=1\">son discours de passation de pouvoir<\/a>, le jour de son entr\u00e9e \u00e0 Matignon en mai 2017. Dommage qu\u2019au moment de r\u00e9pondre \u00abnon\u00bb, interrog\u00e9 par Jean-Michel Apathie, lundi 8 d\u00e9cembre sur LCI, pour savoir si la colonisation \u00e9tait un crime, il ne se soit pas rem\u00e9mor\u00e9 cette phrase de Clemenceau. Celui-ci, lors de son c\u00e9l\u00e8bre \u00e9change avec Jules Ferry \u00e0 l\u2019Assembl\u00e9e nationale en 1885, y d\u00e9finissait ainsi la colonisation : \u00abLa violence, tous les crimes d\u00e9cha\u00een\u00e9s, le sang coulant \u00e0 flots, le faible opprim\u00e9, tyrannis\u00e9 par le vainqueur\u2026\u00bb<\/p>\n<p class=\"sc-cPiKLX AiZTS text-element\">Le petit trouble d\u2019h\u00e9sitation, la fa\u00e7on de faire r\u00e9p\u00e9ter la question \u00e0 son interlocuteur qui a pr\u00e9c\u00e9d\u00e9 sa r\u00e9ponse \u00abnon\u00bb sans ambages ni nuance, en dit moins sur Edouard Philippe que sur ce qu\u2019est devenue la droite dans son ensemble. En 2017, toujours lors de son discours inaugural, sur le perron de Matignon, le nouveau Premier ministre ne mettait pas son drape<\/p>\n","protected":false},"excerpt":{"rendered":"Edouard Philippe aime citer Georges Clemenceau. Il prenait m\u00eame le \u00abP\u00e8re la victoire\u00bb comme l\u2019une de ses figures&hellip;\n","protected":false},"author":2,"featured_media":590836,"comment_status":"","ping_status":"","sticky":false,"template":"","format":"standard","meta":{"footnotes":""},"categories":[4],"tags":[11,3080,1076,1011,27,3540,12,25],"class_list":{"0":"post-590835","1":"post","2":"type-post","3":"status-publish","4":"format-standard","5":"has-post-thumbnail","7":"category-france","8":"tag-actualites","9":"tag-edouard-philippe","10":"tag-extreme-droite","11":"tag-fr","12":"tag-france","13":"tag-horizons","14":"tag-news","15":"tag-republique-francaise"},"share_on_mastodon":{"url":"https:\/\/pubeurope.com\/@fr\/115695719906103735","error":""},"_links":{"self":[{"href":"https:\/\/www.europesays.com\/fr\/wp-json\/wp\/v2\/posts\/590835","targetHints":{"allow":["GET"]}}],"collection":[{"href":"https:\/\/www.europesays.com\/fr\/wp-json\/wp\/v2\/posts"}],"about":[{"href":"https:\/\/www.europesays.com\/fr\/wp-json\/wp\/v2\/types\/post"}],"author":[{"embeddable":true,"href":"https:\/\/www.europesays.com\/fr\/wp-json\/wp\/v2\/users\/2"}],"replies":[{"embeddable":true,"href":"https:\/\/www.europesays.com\/fr\/wp-json\/wp\/v2\/comments?post=590835"}],"version-history":[{"count":0,"href":"https:\/\/www.europesays.com\/fr\/wp-json\/wp\/v2\/posts\/590835\/revisions"}],"wp:featuredmedia":[{"embeddable":true,"href":"https:\/\/www.europesays.com\/fr\/wp-json\/wp\/v2\/media\/590836"}],"wp:attachment":[{"href":"https:\/\/www.europesays.com\/fr\/wp-json\/wp\/v2\/media?parent=590835"}],"wp:term":[{"taxonomy":"category","embeddable":true,"href":"https:\/\/www.europesays.com\/fr\/wp-json\/wp\/v2\/categories?post=590835"},{"taxonomy":"post_tag","embeddable":true,"href":"https:\/\/www.europesays.com\/fr\/wp-json\/wp\/v2\/tags?post=590835"}],"curies":[{"name":"wp","href":"https:\/\/api.w.org\/{rel}","templated":true}]}}