{"id":590839,"date":"2025-12-10T14:23:13","date_gmt":"2025-12-10T14:23:13","guid":{"rendered":"https:\/\/www.europesays.com\/fr\/590839\/"},"modified":"2025-12-10T14:23:13","modified_gmt":"2025-12-10T14:23:13","slug":"voici-ou-se-situent-les-hopitaux-et-cliniques-de-saint-etienne","status":"publish","type":"post","link":"https:\/\/www.europesays.com\/fr\/590839\/","title":{"rendered":"voici o\u00f9 se situent les h\u00f4pitaux et cliniques de Saint-\u00c9tienne"},"content":{"rendered":"<p>                    Par<br \/>\n        <strong><br \/>\n            <a href=\"https:\/\/actu.fr\/auteur\/julien-sournies\" title=\"Consulter tous les articles de Julien Sournies\" target=\"_blank\" rel=\"noopener\">Julien Sournies<\/a><br \/>\n                    <\/strong><\/p>\n<p>        Publi\u00e9 le<\/p>\n<p>            10 d\u00e9c. 2025 \u00e0 14h39        <\/p>\n<p>C\u2019est un palmar\u00e8s scrut\u00e9 de pr\u00e8s chaque ann\u00e9e par les \u00e9tablissements de sant\u00e9. Le 3 d\u00e9cembre dernier, l\u2019hebdomadaire <a href=\"https:\/\/www.lepoint.fr\/sante\/hopitaux-et-cliniques-notre-grand-classement-2025-des-etablissements-les-plus-performants-03-12-2025-2604652_40.php\" target=\"_blank\" rel=\"noopener\">Le Point<\/a> a publi\u00e9 son traditionnel <strong>classement des meilleurs h\u00f4pitaux et cliniques de France en 2025<\/strong>. <br \/>Si certains \u00e9tablissements de <a href=\"https:\/\/actu.fr\/saint-etienne\/\" target=\"_blank\" rel=\"noopener\">Saint-\u00c9tienne<\/a> (<a href=\"https:\/\/actu.fr\/auvergne-rhone-alpes\/loire_42\" target=\"_blank\" rel=\"noopener\">Loire<\/a>) ont connu une nette progression, d\u2019autres n\u2019ont vraisemblablement pas \u00e9t\u00e9 aussi performants cette ann\u00e9e.<\/p>\n<p>La d\u00e9gringolade pour la Clinique mutualiste\u2026<\/p>\n<p class=\" wall-content\">Du c\u00f4t\u00e9 de Saint-\u00c9tienne, le CHU st\u00e9phanois pointe cette ann\u00e9e \u00e0 la 21\u1d49 place des meilleurs h\u00f4pitaux de l\u2019Hexagone, perdant seulement une petite place par rapport au pr\u00e9c\u00e9dent classement.<\/p>\n<p class=\" wall-content\">La Clinique mutualiste de Saint-\u00c9tienne figure, elle aussi, \u00e0 nouveau parmi les 50 meilleurs h\u00f4pitaux. Mais de justesse. Class\u00e9e 20\u1d49 en 2024, elle ne se hisse qu\u2019\u00e0 la 48\u1d49 position cette ann\u00e9e, soit une <strong>d\u00e9gringolade de 28 places<\/strong>.<\/p>\n<p class=\" wall-content\">Du c\u00f4t\u00e9 des cliniques, l\u2019H\u00f4pital priv\u00e9 de la Loire s\u2019est, en revanche, particuli\u00e8rement distingu\u00e9 en 2025. Class\u00e9 26\u1d49 en 2024, il se glisse cette ann\u00e9e \u00e0 la 15\u1d49 position, soit un<strong> bond de 11 places<\/strong>.<\/p>\n<p>\u2026 Mais s\u2019illustre dans la prise en charge des ligaments du genou<\/p>\n<p class=\" wall-content\">Dans le d\u00e9tail, le CHU Nord de Saint-\u00c9tienne s\u2019illustre dans plusieurs domaines :\u00a0<\/p>\n<ul class=\" wall-content\">\n<li>4e pour la chirurgie de l\u2019audition,<\/li>\n<li>6e pour la chirurgie du glaucome,<\/li>\n<li>7e en m\u00e9decine vasculaire,<\/li>\n<li>8e pour la prise en charge des ligaments du genou,<\/li>\n<li>8e pour la prise en charge du diab\u00e8te de l\u2019adulte.<\/li>\n<\/ul>\n<p>    <a href=\"https:\/\/www.facebook.com\/plugins\/post.php?href=https%3A%2F%2Fwww.facebook.com%2FCHUSaintEtienne%2Fposts%2Fpfbid0yCHrNjHvW2Ac21P9zwDxbMCAq13XTQAPNeq3pipVjoejTPBLKMesUiDyt4b3kMPUl&amp;show_text=true&amp;width=350\" title=\"Ouvrie le lien\" target=\"_blank\" rel=\"noopener\">Cliquez ici pour visualiser le contenu<\/a><\/p>\n<p>Votre r\u00e9gion, votre actu !<\/p>\n<p>Recevez chaque jour les infos qui comptent pour vous.<\/p>\n<p>\t<a href=\"https:\/\/actu.fr\/newsletter\" class=\"ac-btn ac-btn--corner ac-btn--medium ac-btn--blue800\" target=\"_blank\" rel=\"noopener\">S&rsquo;incrire<\/a><\/p>\n<p class=\" wall-content\">De son c\u00f4t\u00e9, la Clinique mutualiste se distingue particuli\u00e8rement dans trois domaines :\u00a0<\/p>\n<ul class=\" wall-content\">\n<li><strong>3e pour la prise en charge des ligaments du genou<\/strong>,<\/li>\n<li>8e pour la chirurgie de l\u2019ob\u00e9sit\u00e9,<\/li>\n<li>9e pour la prise en charge du cancer de la prostate.<\/li>\n<\/ul>\n<p class=\" wall-content\">Quant \u00e0 l\u2019H\u00f4pital priv\u00e9 de la Loire, celui-ci brille aussi dans plusieurs cat\u00e9gories :<\/p>\n<ul class=\" wall-content\">\n<li>5e pour la chirurgie des glandes salivaires,<\/li>\n<li>6e pour la prise en charge du Cancer ORL,<\/li>\n<li>6e pour la prise en charge du Cancer du poumon,<\/li>\n<li>6e pour la prise en charge de la pneumologie de l\u2019adulte,<\/li>\n<li>8e pour la chirurgie du nez et du sinus.<\/li>\n<\/ul>\n<p>Les autres h\u00f4pitaux de la Loire<\/p>\n<p class=\" wall-content\">D\u2019autres \u00e9tablissements de la Loire apparaissent dans ce dossier. C\u2019est le cas notamment du CH de Roanne, lequel est cit\u00e9 en 19e position pour la chirurgie dentaire et orale de l\u2019adulte.<\/p>\n<p class=\" wall-content\">Enfin, le centre hospitalier de Saint-Chamond est, lui aussi, salu\u00e9, pointant \u00e0 la 25\u1d49 place dans la prise en charge de l\u2019arthrose de la main.<\/p>\n<p class=\" wall-content\">Personnalisez votre actualit\u00e9 en ajoutant vos villes et m\u00e9dias en favori avec <a href=\"https:\/\/moncompte.actu.fr\" title=\"D\u00e9couvez Mon Actu\" rel=\"nofollow noopener\" data-trk=\"{&quot;cta&quot;:{&quot;action&quot;:&quot;https:\\\/\\\/moncompte.actu.fr&quot;,&quot;category&quot;:&quot;mon compte&quot;,&quot;from&quot;:&quot;article footer&quot;,&quot;name&quot;:&quot;Mon actu&quot;,&quot;type&quot;:&quot;cta&quot;}}\" target=\"_blank\">Mon Actu<\/a>.<\/p>\n","protected":false},"excerpt":{"rendered":"Par Julien Sournies Publi\u00e9 le 10 d\u00e9c. 2025 \u00e0 14h39 C\u2019est un palmar\u00e8s scrut\u00e9 de pr\u00e8s chaque ann\u00e9e&hellip;\n","protected":false},"author":2,"featured_media":590840,"comment_status":"","ping_status":"","sticky":false,"template":"","format":"standard","meta":{"footnotes":""},"categories":[9653],"tags":[1111,11,2430,59390,1777,674,1011,27,100,12,25,4001,71,104],"class_list":{"0":"post-590839","1":"post","2":"type-post","3":"status-publish","4":"format-standard","5":"has-post-thumbnail","7":"category-saint-etienne","8":"tag-actu","9":"tag-actualites","10":"tag-auvergne-rhone-alpes","11":"tag-clinique-mutualiste","12":"tag-eu","13":"tag-europe","14":"tag-fr","15":"tag-france","16":"tag-hopital","17":"tag-news","18":"tag-republique-francaise","19":"tag-saint-etienne","20":"tag-sante","21":"tag-societe"},"share_on_mastodon":{"url":"https:\/\/pubeurope.com\/@fr\/115695727765570753","error":""},"_links":{"self":[{"href":"https:\/\/www.europesays.com\/fr\/wp-json\/wp\/v2\/posts\/590839","targetHints":{"allow":["GET"]}}],"collection":[{"href":"https:\/\/www.europesays.com\/fr\/wp-json\/wp\/v2\/posts"}],"about":[{"href":"https:\/\/www.europesays.com\/fr\/wp-json\/wp\/v2\/types\/post"}],"author":[{"embeddable":true,"href":"https:\/\/www.europesays.com\/fr\/wp-json\/wp\/v2\/users\/2"}],"replies":[{"embeddable":true,"href":"https:\/\/www.europesays.com\/fr\/wp-json\/wp\/v2\/comments?post=590839"}],"version-history":[{"count":0,"href":"https:\/\/www.europesays.com\/fr\/wp-json\/wp\/v2\/posts\/590839\/revisions"}],"wp:featuredmedia":[{"embeddable":true,"href":"https:\/\/www.europesays.com\/fr\/wp-json\/wp\/v2\/media\/590840"}],"wp:attachment":[{"href":"https:\/\/www.europesays.com\/fr\/wp-json\/wp\/v2\/media?parent=590839"}],"wp:term":[{"taxonomy":"category","embeddable":true,"href":"https:\/\/www.europesays.com\/fr\/wp-json\/wp\/v2\/categories?post=590839"},{"taxonomy":"post_tag","embeddable":true,"href":"https:\/\/www.europesays.com\/fr\/wp-json\/wp\/v2\/tags?post=590839"}],"curies":[{"name":"wp","href":"https:\/\/api.w.org\/{rel}","templated":true}]}}