{"id":590843,"date":"2025-12-10T14:25:15","date_gmt":"2025-12-10T14:25:15","guid":{"rendered":"https:\/\/www.europesays.com\/fr\/590843\/"},"modified":"2025-12-10T14:25:15","modified_gmt":"2025-12-10T14:25:15","slug":"deux-soirees-de-concerts-pour-les-25-ans-du-groupe-p-o-box","status":"publish","type":"post","link":"https:\/\/www.europesays.com\/fr\/590843\/","title":{"rendered":"Deux soir\u00e9es de concerts pour les 25 ans du groupe P.O. Box"},"content":{"rendered":"<p>P.O. Box, le groupe musical nanc\u00e9ien aux sonorit\u00e9s punk-ska, f\u00eatera ses 25 ans de carri\u00e8re au cours du week-end. Le groupe sera entour\u00e9 de leurs groupes amis venus de Belgique, Luxembourg, Allemagne et Royaume-Uni. Vendredi 12\u00a0d\u00e9cembre, \u00e0 partir de 19\u00a0h, se succ\u00e9deront Versus You (Lux, punk rock), Black Sheep (Bel, punk rock hardcore), P.O. Box (Nancy, punk ska) et Guerilla Poubelle (Paris, punk rock)\u00a0; et samedi 13\u00a0d\u00e9cembre, d\u00e8s 19\u00a0h, Skin of tears (DE, melodic hardcore), The JB Conspiracy (UK, ska, punk, rock, reggae), P.O. Box et NOFX (Bel, tribute band).<\/p>\n<p class=\"note\">Vendredi\u00a012 et samedi 13\u00a0d\u00e9cembre, \u00e0 19\u00a0h, \u00e0 la MJC Lillebonne, 14, rue du Cheval-Blanc, \u00e0 Nancy. Participation libre.<\/p>\n","protected":false},"excerpt":{"rendered":"P.O. Box, le groupe musical nanc\u00e9ien aux sonorit\u00e9s punk-ska, f\u00eatera ses 25 ans de carri\u00e8re au cours du&hellip;\n","protected":false},"author":2,"featured_media":590844,"comment_status":"","ping_status":"","sticky":false,"template":"","format":"standard","meta":{"footnotes":""},"categories":[9635],"tags":[1111,11,1687,1704,1777,674,1011,27,775,873,1702,1703,12,25],"class_list":{"0":"post-590843","1":"post","2":"type-post","3":"status-publish","4":"format-standard","5":"has-post-thumbnail","7":"category-nancy","8":"tag-actu","9":"tag-actualites","10":"tag-culture-loisirs","11":"tag-edition-nancy-et-agglomeration","12":"tag-eu","13":"tag-europe","14":"tag-fr","15":"tag-france","16":"tag-grand-est","17":"tag-musique","18":"tag-nancy","19":"tag-nancy-ville-54b","20":"tag-news","21":"tag-republique-francaise"},"share_on_mastodon":{"url":"https:\/\/pubeurope.com\/@fr\/115695735693902566","error":""},"_links":{"self":[{"href":"https:\/\/www.europesays.com\/fr\/wp-json\/wp\/v2\/posts\/590843","targetHints":{"allow":["GET"]}}],"collection":[{"href":"https:\/\/www.europesays.com\/fr\/wp-json\/wp\/v2\/posts"}],"about":[{"href":"https:\/\/www.europesays.com\/fr\/wp-json\/wp\/v2\/types\/post"}],"author":[{"embeddable":true,"href":"https:\/\/www.europesays.com\/fr\/wp-json\/wp\/v2\/users\/2"}],"replies":[{"embeddable":true,"href":"https:\/\/www.europesays.com\/fr\/wp-json\/wp\/v2\/comments?post=590843"}],"version-history":[{"count":0,"href":"https:\/\/www.europesays.com\/fr\/wp-json\/wp\/v2\/posts\/590843\/revisions"}],"wp:featuredmedia":[{"embeddable":true,"href":"https:\/\/www.europesays.com\/fr\/wp-json\/wp\/v2\/media\/590844"}],"wp:attachment":[{"href":"https:\/\/www.europesays.com\/fr\/wp-json\/wp\/v2\/media?parent=590843"}],"wp:term":[{"taxonomy":"category","embeddable":true,"href":"https:\/\/www.europesays.com\/fr\/wp-json\/wp\/v2\/categories?post=590843"},{"taxonomy":"post_tag","embeddable":true,"href":"https:\/\/www.europesays.com\/fr\/wp-json\/wp\/v2\/tags?post=590843"}],"curies":[{"name":"wp","href":"https:\/\/api.w.org\/{rel}","templated":true}]}}