{"id":590849,"date":"2025-12-10T14:29:18","date_gmt":"2025-12-10T14:29:18","guid":{"rendered":"https:\/\/www.europesays.com\/fr\/590849\/"},"modified":"2025-12-10T14:29:18","modified_gmt":"2025-12-10T14:29:18","slug":"feu-vert-pour-un-super-u-de-5-000m2-pres-de-montpellier-avec-drive-et-huit-pistes","status":"publish","type":"post","link":"https:\/\/www.europesays.com\/fr\/590849\/","title":{"rendered":"feu vert pour un Super U de 5 000m2 pr\u00e8s de Montpellier avec drive et huit pistes"},"content":{"rendered":"<p>                    Par<br \/>\n        <strong><br \/>\n            <a href=\"https:\/\/actu.fr\/auteur\/metropoop\" title=\"Consulter tous les articles de R\u00e9daction M\u00e9tropolitain\" target=\"_blank\" rel=\"noopener\">R\u00e9daction M\u00e9tropolitain<\/a><br \/>\n                    <\/strong><\/p>\n<p>        Publi\u00e9 le<\/p>\n<p>            10 d\u00e9c. 2025 \u00e0 13h20        <\/p>\n<p>La <strong>commission d\u00e9partementale d\u2019am\u00e9nagement commercial <\/strong>-CDAC- r\u00e9unie en pr\u00e9fecture de l\u2019H\u00e9rault vient d\u2019\u00e9mettre un avis favorable \u00e0 la\u00a0 demande d\u2019autorisation d\u2019exploitation commerciale formul\u00e9e par la SARL Provend, sise Le Parc Herm\u00e8s, route de Jacou, dans la commune de <strong>Vendargues,<\/strong> repr\u00e9sent\u00e9e par Mme Florence Aparici. Un permis de construire n\u00b0 PC 34327 25 00010, valant demande d\u2019autorisation d\u2019exploitation commerciale a \u00e9t\u00e9 d\u00e9pos\u00e9 en mairie, le 30 septembre 2025.<\/p>\n<p>    <a href=\"https:\/\/www.google.com\/maps\/embed?pb=!1m18!1m12!1m3!1d5287.732149552508!2d3.951482004563852!3d43.658801088771824!2m3!1f0!2f0!3f0!3m2!1i1024!2i768!4f13.1!3m3!1m2!1s0x12b6a68e950417e3%3A0x6be75c205110c98d!2sRte%20de%20Jacou!5e0!3m2!1sfr!2sfr!4v1765367068820!5m2!1sfr!2sfr\" title=\"Ouvrie le lien\" target=\"_blank\" rel=\"noopener\">Cliquez ici pour visualiser le contenu<\/a><\/p>\n<p class=\" wall-content\">Cette demande d\u2019autorisation d\u2019exploitation commerciale porte sur la cr\u00e9ation d\u2019un ensemble commercial d\u2019une surface finale de vente de 5\u00a0170\u00a0m\u00b2 situ\u00e9 Lous Camps de l\u2019Hespitaou \u00e0 Vendargues et r\u00e9alis\u00e9 dans le cadre du <strong>projet Campus U<\/strong>.<\/p>\n<p class=\" wall-content\">Ce projet est compos\u00e9 d\u2019un hypermarch\u00e9 \u00e0 l\u2019<strong>enseigne Super U<\/strong> de secteur 1 (alimentaire) d\u2019une surface de vente de 4\u00a0925\u00a0m\u00b2, d\u2019une cellule d\u2019une surface de vente de 150\u00a0m\u00b2 qui accueillera une activit\u00e9 du secteur 2 (non alimentaire) et d\u2019une cellule d\u2019une surface de vente de 95\u00a0m\u00b2 secteur 1 (alimentaire) ou secteur 2 (non alimentaire), destin\u00e9e \u00e0 des boutiques \u00e9ph\u00e9m\u00e8res, o\u00f9 seront commercialis\u00e9s les produits innovants de startups agroalimentaires.<\/p>\n<p class=\" wall-content\">Ce projet comprendra un drive int\u00e9gr\u00e9 compos\u00e9 de huit pistes pour une surface de 269\u00a0m\u00b2 d\u2019espaces non b\u00e2tis correspondant \u00e0 la surface d\u2019emprise des pistes de ravitaillement (132\u00a0m\u00b2) et \u00e0 celle du cheminement des clients sur 137\u00a0m\u00b2.<\/p>\n<p class=\" wall-content\">Personnalisez votre actualit\u00e9 en ajoutant vos villes et m\u00e9dias en favori avec <a href=\"https:\/\/moncompte.actu.fr\" title=\"D\u00e9couvez Mon Actu\" rel=\"nofollow noopener\" data-trk=\"{&quot;cta&quot;:{&quot;action&quot;:&quot;https:\\\/\\\/moncompte.actu.fr&quot;,&quot;category&quot;:&quot;mon compte&quot;,&quot;from&quot;:&quot;article footer&quot;,&quot;name&quot;:&quot;Mon actu&quot;,&quot;type&quot;:&quot;cta&quot;}}\" target=\"_blank\">Mon Actu<\/a>.<\/p>\n","protected":false},"excerpt":{"rendered":"Par R\u00e9daction M\u00e9tropolitain Publi\u00e9 le 10 d\u00e9c. 2025 \u00e0 13h20 La commission d\u00e9partementale d\u2019am\u00e9nagement commercial -CDAC- r\u00e9unie en&hellip;\n","protected":false},"author":2,"featured_media":590850,"comment_status":"","ping_status":"","sticky":false,"template":"","format":"standard","meta":{"footnotes":""},"categories":[9599],"tags":[1111,11,258,215,33,1777,674,1011,27,2208,12,2680,25],"class_list":{"0":"post-590849","1":"post","2":"type-post","3":"status-publish","4":"format-standard","5":"has-post-thumbnail","7":"category-montpellier","8":"tag-actu","9":"tag-actualites","10":"tag-alimentation","11":"tag-commerce","12":"tag-economie","13":"tag-eu","14":"tag-europe","15":"tag-fr","16":"tag-france","17":"tag-montpellier","18":"tag-news","19":"tag-occitanie","20":"tag-republique-francaise"},"share_on_mastodon":{"url":"https:\/\/pubeurope.com\/@fr\/115695751252400981","error":""},"_links":{"self":[{"href":"https:\/\/www.europesays.com\/fr\/wp-json\/wp\/v2\/posts\/590849","targetHints":{"allow":["GET"]}}],"collection":[{"href":"https:\/\/www.europesays.com\/fr\/wp-json\/wp\/v2\/posts"}],"about":[{"href":"https:\/\/www.europesays.com\/fr\/wp-json\/wp\/v2\/types\/post"}],"author":[{"embeddable":true,"href":"https:\/\/www.europesays.com\/fr\/wp-json\/wp\/v2\/users\/2"}],"replies":[{"embeddable":true,"href":"https:\/\/www.europesays.com\/fr\/wp-json\/wp\/v2\/comments?post=590849"}],"version-history":[{"count":0,"href":"https:\/\/www.europesays.com\/fr\/wp-json\/wp\/v2\/posts\/590849\/revisions"}],"wp:featuredmedia":[{"embeddable":true,"href":"https:\/\/www.europesays.com\/fr\/wp-json\/wp\/v2\/media\/590850"}],"wp:attachment":[{"href":"https:\/\/www.europesays.com\/fr\/wp-json\/wp\/v2\/media?parent=590849"}],"wp:term":[{"taxonomy":"category","embeddable":true,"href":"https:\/\/www.europesays.com\/fr\/wp-json\/wp\/v2\/categories?post=590849"},{"taxonomy":"post_tag","embeddable":true,"href":"https:\/\/www.europesays.com\/fr\/wp-json\/wp\/v2\/tags?post=590849"}],"curies":[{"name":"wp","href":"https:\/\/api.w.org\/{rel}","templated":true}]}}