{"id":590851,"date":"2025-12-10T14:30:15","date_gmt":"2025-12-10T14:30:15","guid":{"rendered":"https:\/\/www.europesays.com\/fr\/590851\/"},"modified":"2025-12-10T14:30:15","modified_gmt":"2025-12-10T14:30:15","slug":"ball-eurocup-16e-de-finale-aller-charnay-et-montpellier-les-meilleurs-ennemis-qui-se-retrouvent-en-eurocup","status":"publish","type":"post","link":"https:\/\/www.europesays.com\/fr\/590851\/","title":{"rendered":"ball &#8211; Eurocup (16e de finale aller). Charnay et Montpellier, les \u201cmeilleurs ennemis\u201d qui se retrouvent en Eurocup"},"content":{"rendered":"<p>Charnay &#8211; Montpellier<\/p>\n<p>Ce jeudi, 20 heures<\/p>\n<p>Choses dites, choses faites. Parmi les objectifs avanc\u00e9s il y a trois mois par St\u00e9phane Leite figurait le fait de faire aussi bien cette saison en coupe d\u2019Europe que l\u2019an pass\u00e9. Comprendre se qualifier \u00e0 nouveau pour les 16es de finale.<\/p>\n<p>Cinq matches programm\u00e9s<\/p>\n<p>Pourtant, cela semblait loin d\u2019\u00eatre gagn\u00e9 d\u2019avance en h\u00e9ritant d\u2019une poule compliqu\u00e9e avec Athinaikos et Besiktas Istanbul, deux pr\u00e9tendants au titre europ\u00e9en. Mais l\u2019objectif a \u00e9t\u00e9 atteint. Et apr\u00e8s les Espagnoles de Saint-S\u00e9bastien en 2024, place&#8230;<\/p>\n","protected":false},"excerpt":{"rendered":"Charnay &#8211; Montpellier Ce jeudi, 20 heures Choses dites, choses faites. Parmi les objectifs avanc\u00e9s il y a&hellip;\n","protected":false},"author":2,"featured_media":590852,"comment_status":"","ping_status":"","sticky":false,"template":"","format":"standard","meta":{"footnotes":""},"categories":[9599],"tags":[1111,11,1791,54687,8448,3718,1777,674,107,1011,27,5981,2208,12,2680,25,517],"class_list":{"0":"post-590851","1":"post","2":"type-post","3":"status-publish","4":"format-standard","5":"has-post-thumbnail","7":"category-montpellier","8":"tag-actu","9":"tag-actualites","10":"tag-basket-ball","11":"tag-charnay-basket-f","12":"tag-charnay-les-macon","13":"tag-edition-macon","14":"tag-eu","15":"tag-europe","16":"tag-fil-info","17":"tag-fr","18":"tag-france","19":"tag-macon-bassin","20":"tag-montpellier","21":"tag-news","22":"tag-occitanie","23":"tag-republique-francaise","24":"tag-sport"},"share_on_mastodon":{"url":"https:\/\/pubeurope.com\/@fr\/115695755218153572","error":""},"_links":{"self":[{"href":"https:\/\/www.europesays.com\/fr\/wp-json\/wp\/v2\/posts\/590851","targetHints":{"allow":["GET"]}}],"collection":[{"href":"https:\/\/www.europesays.com\/fr\/wp-json\/wp\/v2\/posts"}],"about":[{"href":"https:\/\/www.europesays.com\/fr\/wp-json\/wp\/v2\/types\/post"}],"author":[{"embeddable":true,"href":"https:\/\/www.europesays.com\/fr\/wp-json\/wp\/v2\/users\/2"}],"replies":[{"embeddable":true,"href":"https:\/\/www.europesays.com\/fr\/wp-json\/wp\/v2\/comments?post=590851"}],"version-history":[{"count":0,"href":"https:\/\/www.europesays.com\/fr\/wp-json\/wp\/v2\/posts\/590851\/revisions"}],"wp:featuredmedia":[{"embeddable":true,"href":"https:\/\/www.europesays.com\/fr\/wp-json\/wp\/v2\/media\/590852"}],"wp:attachment":[{"href":"https:\/\/www.europesays.com\/fr\/wp-json\/wp\/v2\/media?parent=590851"}],"wp:term":[{"taxonomy":"category","embeddable":true,"href":"https:\/\/www.europesays.com\/fr\/wp-json\/wp\/v2\/categories?post=590851"},{"taxonomy":"post_tag","embeddable":true,"href":"https:\/\/www.europesays.com\/fr\/wp-json\/wp\/v2\/tags?post=590851"}],"curies":[{"name":"wp","href":"https:\/\/api.w.org\/{rel}","templated":true}]}}