{"id":590857,"date":"2025-12-10T14:33:13","date_gmt":"2025-12-10T14:33:13","guid":{"rendered":"https:\/\/www.europesays.com\/fr\/590857\/"},"modified":"2025-12-10T14:33:13","modified_gmt":"2025-12-10T14:33:13","slug":"grenoble-alpes-metropole-sacree-capitale-de-linnovation-2026","status":"publish","type":"post","link":"https:\/\/www.europesays.com\/fr\/590857\/","title":{"rendered":"Grenoble-Alpes M\u00e9tropole sacr\u00e9e capitale de l\u2019innovation 2026"},"content":{"rendered":"<p>      <img loading=\"lazy\" decoding=\"async\" typeof=\"foaf:Image\" src=\"https:\/\/www.europesays.com\/fr\/wp-content\/uploads\/2025\/12\/img-20251204-wa0002.jpg\" width=\"600\" height=\"338\" alt=\"Grenoble-Alpes M\u00e9tropole a remport\u00e9 le prix de capitale europ\u00e9enne de l'innovation, le 4 d\u00e9cembre dernier.\" title=\"Grenoble-Alpes M\u00e9tropole a remport\u00e9 le prix de capitale europ\u00e9enne de l'innovation, le 4 d\u00e9cembre dernier.\"\/>              <\/p>\n<p class=\"news_description_img\">Grenoble-Alpes M\u00e9tropole a remport\u00e9 le prix de capitale europ\u00e9enne de l&rsquo;innovation, le 4 d\u00e9cembre dernier.<\/p>\n<p class=\"news_copyright_img\">\n          Grenoble-Alpes M\u00e9tropole        <\/p>\n<p class=\"bref-chapo\">Lors de la c\u00e9r\u00e9monie du Cities innovate summit, organis\u00e9 par le Conseil europ\u00e9en de l\u2019innovation, le 4 d\u00e9cembre \u00e0 Turin, Grenoble-Alpes M\u00e9tropole a re\u00e7u le prix de capitale europ\u00e9enne de l\u2019innovation (iCapital) 2026. Ses actions pionni\u00e8res en&#8230;<\/p>\n","protected":false},"excerpt":{"rendered":"Grenoble-Alpes M\u00e9tropole a remport\u00e9 le prix de capitale europ\u00e9enne de l&rsquo;innovation, le 4 d\u00e9cembre dernier. Grenoble-Alpes M\u00e9tropole Lors&hellip;\n","protected":false},"author":2,"featured_media":590858,"comment_status":"","ping_status":"","sticky":false,"template":"","format":"standard","meta":{"footnotes":""},"categories":[9566],"tags":[1111,11,2430,1777,674,1011,27,2731,12,25],"class_list":{"0":"post-590857","1":"post","2":"type-post","3":"status-publish","4":"format-standard","5":"has-post-thumbnail","7":"category-grenoble","8":"tag-actu","9":"tag-actualites","10":"tag-auvergne-rhone-alpes","11":"tag-eu","12":"tag-europe","13":"tag-fr","14":"tag-france","15":"tag-grenoble","16":"tag-news","17":"tag-republique-francaise"},"share_on_mastodon":{"url":"https:\/\/pubeurope.com\/@fr\/115695767898398889","error":""},"_links":{"self":[{"href":"https:\/\/www.europesays.com\/fr\/wp-json\/wp\/v2\/posts\/590857","targetHints":{"allow":["GET"]}}],"collection":[{"href":"https:\/\/www.europesays.com\/fr\/wp-json\/wp\/v2\/posts"}],"about":[{"href":"https:\/\/www.europesays.com\/fr\/wp-json\/wp\/v2\/types\/post"}],"author":[{"embeddable":true,"href":"https:\/\/www.europesays.com\/fr\/wp-json\/wp\/v2\/users\/2"}],"replies":[{"embeddable":true,"href":"https:\/\/www.europesays.com\/fr\/wp-json\/wp\/v2\/comments?post=590857"}],"version-history":[{"count":0,"href":"https:\/\/www.europesays.com\/fr\/wp-json\/wp\/v2\/posts\/590857\/revisions"}],"wp:featuredmedia":[{"embeddable":true,"href":"https:\/\/www.europesays.com\/fr\/wp-json\/wp\/v2\/media\/590858"}],"wp:attachment":[{"href":"https:\/\/www.europesays.com\/fr\/wp-json\/wp\/v2\/media?parent=590857"}],"wp:term":[{"taxonomy":"category","embeddable":true,"href":"https:\/\/www.europesays.com\/fr\/wp-json\/wp\/v2\/categories?post=590857"},{"taxonomy":"post_tag","embeddable":true,"href":"https:\/\/www.europesays.com\/fr\/wp-json\/wp\/v2\/tags?post=590857"}],"curies":[{"name":"wp","href":"https:\/\/api.w.org\/{rel}","templated":true}]}}