{"id":590859,"date":"2025-12-10T14:34:14","date_gmt":"2025-12-10T14:34:14","guid":{"rendered":"https:\/\/www.europesays.com\/fr\/590859\/"},"modified":"2025-12-10T14:34:14","modified_gmt":"2025-12-10T14:34:14","slug":"grenoble-la-salle-de-la-bobine-evacuee-par-la-police-apres-pres-de-trois-mois-doccupation","status":"publish","type":"post","link":"https:\/\/www.europesays.com\/fr\/590859\/","title":{"rendered":"Grenoble\u00a0: la salle de la Bobine \u00e9vacu\u00e9e par la police apr\u00e8s pr\u00e8s de trois mois d&rsquo;occupation"},"content":{"rendered":"<p>L&rsquo;ancienne salle de concert La Bobine a \u00e9t\u00e9 vid\u00e9e par la police ce mercredi 10 d\u00e9cembre, au matin, \u00e0 Grenoble. Elle \u00e9tait occup\u00e9e par une soixantaine de militants depuis pr\u00e8s de trois mois. <\/p>\n<p>La Bobine, occup\u00e9e depuis le 18 septembre, a \u00e9t\u00e9 \u00e9vacu\u00e9e ce mercredi matin, 10 d\u00e9cembre, vers 9h45. Quinze camions de CRS sont intervenus pour vider l&rsquo;ancienne salle de concert grenobloise, au parc Paul Mistral. Elle \u00e9tait squatt\u00e9e depuis le 18 septembre par des personnes issues du mouvement \u00ab\u00a0Bloquons tout\u00a0\u00bb.<\/p>\n<p>Les militants \u00e9taient r\u00e9unis depuis 5h30 ce matin en soutien aux occupants de la Bobine, qui ont re\u00e7u un avis d&rsquo;expulsion de la mairie de Grenoble deux jours plus t\u00f4t, en d\u00e9but de semaine. Car les murs de La Bobine appartiennent toujours \u00e0 la mairie de Grenoble.\u00a0<strong>La ville avait propos\u00e9 aux squatteurs une autre salle pour poursuivre leurs activit\u00e9s<\/strong>\u00a0: \u00ab\u00a0La Salle Rouge\u00a0\u00bb,\u00a0une salle de spectacle quartier Bouchayer-Viallet. Proposition rejet\u00e9e par les occupants.<\/p>\n<p> <img decoding=\"async\" src=\"https:\/\/www.europesays.com\/fr\/wp-content\/uploads\/2025\/12\/1765377254_437_1280\" alt=\"illustration agrandir l'image\" style=\"--_image-preview:url('data:image\/jpeg;base64,\/9j\/2wBDACgcHiMeGSgjISMtKygwPGRBPDc3PHtYXUlkkYCZlo+AjIqgtObDoKrarYqMyP\/L2u71\/\/\/\/m8H\/\/\/\/6\/+b9\/\/j\/2wBDASstLTw1PHZBQXb4pYyl+Pj4+Pj4+Pj4+Pj4+Pj4+Pj4+Pj4+Pj4+Pj4+Pj4+Pj4+Pj4+Pj4+Pj4+Pj4+Pj4+Pj\/wAARCAAfACoDASIAAhEBAxEB\/8QAFwABAQEBAAAAAAAAAAAAAAAAAQACA\/\/EABcQAQEBAQAAAAAAAAAAAAAAAAARARL\/xAAWAQEBAQAAAAAAAAAAAAAAAAABAgD\/xAAWEQEBAQAAAAAAAAAAAAAAAAAAEQH\/2gAMAwEAAhEDEQA\/ADRVus1e6mNVViqgt01zq6NEO6EEKQq1nWY0UaKWf\/\/Z');\" loading=\"lazy\" fetchpriority=\"low\" class=\"svelte-1cksh76 rounded\" onload=\"this.__e=event\" onerror=\"this.__e=event\"\/> La terrasse de La Bobine \u00e0 Grenoble a \u00e9t\u00e9 \u00e9vacu\u00e9e ce mercredi 10 d\u00e9cembre apr\u00e8s trois mois d&rsquo;occupation \u00a9 Radio France &#8211; Juliette Gloria  Que va devenir La Bobine\u00a0?<\/p>\n<p>Reste \u00e0 savoir ce que va devenir d\u00e9sormais la salle de spectacle La Bobine. Le repreneur d\u00e9sign\u00e9 fin septembre par le tribunal de commerce de Grenoble, le collectif L&rsquo;Autre Sc\u00e8ne,\u00a0<a class=\"IciLink ici-link IciArticleLink g-ici-body-regular-1 underline brand svelte-1chfe2s\" href=\"https:\/\/www.francebleu.fr\/infos\/societe\/grenoble-les-repreneurs-de-la-bobine-jettent-l-eponge-une-decision-difficile-mais-necessaire-1241076\" target=\"_blank\" rel=\"noopener\">a annonc\u00e9 mi-novembre qu&rsquo;il jetait l&rsquo;\u00e9ponge<\/a>\u00a0malgr\u00e9 plus de 20.000 euros r\u00e9colt\u00e9s via un financement participatif.<\/p>\n","protected":false},"excerpt":{"rendered":"L&rsquo;ancienne salle de concert La Bobine a \u00e9t\u00e9 vid\u00e9e par la police ce mercredi 10 d\u00e9cembre, au matin,&hellip;\n","protected":false},"author":2,"featured_media":590860,"comment_status":"","ping_status":"","sticky":false,"template":"","format":"standard","meta":{"footnotes":""},"categories":[9566],"tags":[1111,11,2430,1777,674,1011,27,2731,12,25],"class_list":{"0":"post-590859","1":"post","2":"type-post","3":"status-publish","4":"format-standard","5":"has-post-thumbnail","7":"category-grenoble","8":"tag-actu","9":"tag-actualites","10":"tag-auvergne-rhone-alpes","11":"tag-eu","12":"tag-europe","13":"tag-fr","14":"tag-france","15":"tag-grenoble","16":"tag-news","17":"tag-republique-francaise"},"share_on_mastodon":{"url":"https:\/\/pubeurope.com\/@fr\/115695771833960968","error":""},"_links":{"self":[{"href":"https:\/\/www.europesays.com\/fr\/wp-json\/wp\/v2\/posts\/590859","targetHints":{"allow":["GET"]}}],"collection":[{"href":"https:\/\/www.europesays.com\/fr\/wp-json\/wp\/v2\/posts"}],"about":[{"href":"https:\/\/www.europesays.com\/fr\/wp-json\/wp\/v2\/types\/post"}],"author":[{"embeddable":true,"href":"https:\/\/www.europesays.com\/fr\/wp-json\/wp\/v2\/users\/2"}],"replies":[{"embeddable":true,"href":"https:\/\/www.europesays.com\/fr\/wp-json\/wp\/v2\/comments?post=590859"}],"version-history":[{"count":0,"href":"https:\/\/www.europesays.com\/fr\/wp-json\/wp\/v2\/posts\/590859\/revisions"}],"wp:featuredmedia":[{"embeddable":true,"href":"https:\/\/www.europesays.com\/fr\/wp-json\/wp\/v2\/media\/590860"}],"wp:attachment":[{"href":"https:\/\/www.europesays.com\/fr\/wp-json\/wp\/v2\/media?parent=590859"}],"wp:term":[{"taxonomy":"category","embeddable":true,"href":"https:\/\/www.europesays.com\/fr\/wp-json\/wp\/v2\/categories?post=590859"},{"taxonomy":"post_tag","embeddable":true,"href":"https:\/\/www.europesays.com\/fr\/wp-json\/wp\/v2\/tags?post=590859"}],"curies":[{"name":"wp","href":"https:\/\/api.w.org\/{rel}","templated":true}]}}