{"id":590861,"date":"2025-12-10T14:35:12","date_gmt":"2025-12-10T14:35:12","guid":{"rendered":"https:\/\/www.europesays.com\/fr\/590861\/"},"modified":"2025-12-10T14:35:12","modified_gmt":"2025-12-10T14:35:12","slug":"il-faut-eviter-que-ca-degenere-pourquoi-pres-de-200-tracteurs-pourraient-converger-vers-rennes-ce-jeudi","status":"publish","type":"post","link":"https:\/\/www.europesays.com\/fr\/590861\/","title":{"rendered":"\u00ab\u00a0Il faut \u00e9viter que \u00e7a d\u00e9g\u00e9n\u00e8re\u00a0\u00bb\u00a0: pourquoi pr\u00e8s de 200 tracteurs pourraient converger vers Rennes ce jeudi"},"content":{"rendered":"<p>Une journ\u00e9e sous haute surveillance. Ce jeudi 11 d\u00e9cembre 2025, les 72 membres de la Commission Locale de l\u2019Eau se r\u00e9unissent \u00e0 Ch\u00e2teaubourg, \u00e0 l\u2019est de Rennes \u00e0 la mi-journ\u00e9e. L\u2019objectif initial \u00e9tait d\u2019ent\u00e9riner la r\u00e9vision du SAGE Vilaine, le document qui fixe les orientations de la gestion de la ressource en eau sur l\u2019ensemble du bassin-versant de la Vilaine.<\/p>\n<p>Report du vote<\/p>\n<p>Toutefois, suite \u00e0 la mobilisation de plusieurs syndicats agricoles, le vote final n\u2019aura pas lieu ce jeudi, mais a \u00e9t\u00e9 report\u00e9 au 16 janvier prochain. La r\u00e9union de la commission reste cependant maintenue afin de mener des \u00e9changes sur d\u2019\u00e9ventuelles modifications notamment li\u00e9es aux remont\u00e9es de la consultation publique qui a \u00e9t\u00e9 men\u00e9e du 15 octobre au 14 novembre.<\/p>\n<p>Cr\u00e9\u00e9 en 2003, le SAGE Vilaine a entam\u00e9 une importante r\u00e9vision il y a trois ans alors que le besoin de pr\u00e9server les ressources en eau devenait de plus en plus pressant. Ces mesures concernent plus de 1,5 million d\u2019habitants et 535 communes r\u00e9parties sur six d\u00e9partements. La r\u00e9vision du sch\u00e9ma vise \u00e0 enrayer cette d\u00e9gradation de la qualit\u00e9 de l\u2019eau en interdisant notamment les \u00e9pandages de pesticides pr\u00e8s des zones de captage.<\/p>\n<p>Vent de col\u00e8re<\/p>\n<p>Une mesure qui suscite l\u2019opposition d\u2019une partie du monde agricole. \u00ab On a l\u2019impression de ne pas avoir \u00e9t\u00e9 entendus lors des discussions \u00bb, d\u00e9plore Charles Foss\u00e9, pr\u00e9sident des Jeunes Agriculteurs Bretagne. \u00ab Le projet en l\u2019\u00e9tat met en p\u00e9ril notre capacit\u00e9 \u00e0 continuer d\u2019exercer notre m\u00e9tier. L\u2019id\u00e9e ce n\u2019est pas de ne rien faire, mais de retravailler le projet collectivement \u00bb.<\/p>\n<p>Malgr\u00e9 le report du vote, la FDSEA et les Jeunes Agriculteurs appellent \u00e0 une grande mobilisation \u00e0 Ch\u00e2teaubourg ce jeudi. \u00ab Nous serons l\u00e0 pour nous assurer que la r\u00e9union ne valide ou n\u2019acte pas le contenu du projet de SAGE \u00bb, ass\u00e8nent ils. Plus de 500 agriculteurs en col\u00e8re sont attendus.<\/p>\n<p>Ils ne seront pas seuls. La Coordination Rurale, troisi\u00e8me syndicat agricole, sera \u00e9galement pr\u00e9sente pour se faire entendre. \u00ab Les mesures mettront en p\u00e9ril plusieurs centaines d\u2019exploitations agricoles \u00bb, pr\u00e9cise l\u2019organisation. \u00ab On esp\u00e8re pouvoir faire basculer la d\u00e9cision \u00bb.<\/p>\n<p>Les d\u00e9fenseurs du projet montent au cr\u00e9neau<\/p>\n<p>Sur place, les d\u00e9fenseurs du projet appellent \u00e9galement \u00e0 une mobilisation de soutien. \u00c0 commencer par le syndicat Conf\u00e9d\u00e9ration Paysanne, qui soutient une agriculture raisonn\u00e9e et de proximit\u00e9.<\/p>\n<p>\u00ab On a \u00e9t\u00e9 surpris du report du vote \u00bb, souffle Samuel Dugas de la Conf\u00e9d\u00e9ration Paysanne. \u00ab C\u2019est peut-\u00eatre un moyen de faire baisser la pression. On sait qu\u2019il y avait de l\u2019inqui\u00e9tude des forces de l\u2019ordre sur cette journ\u00e9e. Il faut \u00e9viter que \u00e7a d\u00e9g\u00e9n\u00e8re \u00bb.<\/p>\n<p>\u00ab Nous, le SAGE on ne le trouve pas assez ambitieux en fait \u00bb, analyse Aurelien Leray \u00e9galement \u00e0 la Conf\u00e9d\u00e9ration Paysanne. \u00ab Nos adversaires d\u00e9fendent une poign\u00e9e d\u2019agriculteurs dans leur rang qui ne veulent pas changer de syst\u00e8me. Il y a une volont\u00e9 de figer la situation, alors que le processus d\u00e9mocratique a \u00e9t\u00e9 bien men\u00e9 \u00bb.<\/p>\n<p>Pr\u00e8s de 200 tracteurs<\/p>\n<p>\u00c0 l\u2019issue de la r\u00e9union, la FDSEA et les JA pr\u00e9voient la convergence de pr\u00e8s de 200 tracteurs \u00e0 Rennes en fin de journ\u00e9e pour \u00ab marquer le coup \u00bb. Ils esp\u00e8rent rencontrer en personne <a href=\"https:\/\/www.letelegramme.fr\/ille-et-vilaine\/rennes-35000\/il-connait-bien-les-rouages-du-ministere-de-linterieur-a-rennes-un-nouveau-prefet-specialiste-des-questions-de-securite-pour-lutter-contre-le-narcotrafic-6943725.php\" target=\"_blank\" rel=\"noopener\">le nouveau pr\u00e9fet Franck Robine<\/a> pour \u00e9changer sur ce dossier.<\/p>\n<p>L\u2019issue de ce SAGE est scrut\u00e9e \u00e0 l\u2019\u00e9chelle nationale, car elle pourrait cr\u00e9er un pr\u00e9c\u00e9dent pour d\u2019autres bassins-versants confront\u00e9s \u00e0 des probl\u00e9matiques similaires de qualit\u00e9 de l\u2019eau.<\/p>\n","protected":false},"excerpt":{"rendered":"Une journ\u00e9e sous haute surveillance. Ce jeudi 11 d\u00e9cembre 2025, les 72 membres de la Commission Locale de&hellip;\n","protected":false},"author":2,"featured_media":590862,"comment_status":"","ping_status":"","sticky":false,"template":"","format":"standard","meta":{"footnotes":""},"categories":[2821],"tags":[1111,11,829,765,1777,674,1011,27,848,12,16048,584,25],"class_list":{"0":"post-590861","1":"post","2":"type-post","3":"status-publish","4":"format-standard","5":"has-post-thumbnail","7":"category-rennes","8":"tag-actu","9":"tag-actualites","10":"tag-bretagne","11":"tag-en-continu","12":"tag-eu","13":"tag-europe","14":"tag-fr","15":"tag-france","16":"tag-ille-et-vilaine","17":"tag-news","18":"tag-newsletter-aujourdhui-en-bretagne","19":"tag-rennes","20":"tag-republique-francaise"},"share_on_mastodon":{"url":"https:\/\/pubeurope.com\/@fr\/115695774932524502","error":""},"_links":{"self":[{"href":"https:\/\/www.europesays.com\/fr\/wp-json\/wp\/v2\/posts\/590861","targetHints":{"allow":["GET"]}}],"collection":[{"href":"https:\/\/www.europesays.com\/fr\/wp-json\/wp\/v2\/posts"}],"about":[{"href":"https:\/\/www.europesays.com\/fr\/wp-json\/wp\/v2\/types\/post"}],"author":[{"embeddable":true,"href":"https:\/\/www.europesays.com\/fr\/wp-json\/wp\/v2\/users\/2"}],"replies":[{"embeddable":true,"href":"https:\/\/www.europesays.com\/fr\/wp-json\/wp\/v2\/comments?post=590861"}],"version-history":[{"count":0,"href":"https:\/\/www.europesays.com\/fr\/wp-json\/wp\/v2\/posts\/590861\/revisions"}],"wp:featuredmedia":[{"embeddable":true,"href":"https:\/\/www.europesays.com\/fr\/wp-json\/wp\/v2\/media\/590862"}],"wp:attachment":[{"href":"https:\/\/www.europesays.com\/fr\/wp-json\/wp\/v2\/media?parent=590861"}],"wp:term":[{"taxonomy":"category","embeddable":true,"href":"https:\/\/www.europesays.com\/fr\/wp-json\/wp\/v2\/categories?post=590861"},{"taxonomy":"post_tag","embeddable":true,"href":"https:\/\/www.europesays.com\/fr\/wp-json\/wp\/v2\/tags?post=590861"}],"curies":[{"name":"wp","href":"https:\/\/api.w.org\/{rel}","templated":true}]}}